{"id":99799,"date":"2023-08-28T17:11:43","date_gmt":"2023-08-28T14:11:43","guid":{"rendered":"https:\/\/www.giurgiuveanul.ro\/stiri\/?p=99799"},"modified":"2023-08-28T17:16:22","modified_gmt":"2023-08-28T14:16:22","slug":"primarul-adrian-anghelescu-a-cerut-societatilor-din-subordinea-consiliului-local-ca-municipiul-giurgiu-sa-devina-prioritatea-zero","status":"publish","type":"post","link":"https:\/\/www.giurgiuveanul.ro\/stiri\/primarul-adrian-anghelescu-a-cerut-societatilor-din-subordinea-consiliului-local-ca-municipiul-giurgiu-sa-devina-prioritatea-zero\/","title":{"rendered":"Primarul Adrian Anghelescu a cerut societ\u0103\u021bilor din subordinea Consiliului Local ca municipiul Giurgiu s\u0103 devin\u0103 prioritatea zero"},"content":{"rendered":"<p style=\"text-align: justify;\"><a href=\"https:\/\/www.giurgiuveanul.ro\/stiri\/wp-content\/uploads\/2023\/08\/1-8.jpg\"><img loading=\"lazy\" decoding=\"async\" class=\"aligncenter wp-image-99800\" src=\"https:\/\/www.giurgiuveanul.ro\/stiri\/wp-content\/uploads\/2023\/08\/1-8-560x364.jpg\" alt=\"\" width=\"575\" height=\"374\" srcset=\"https:\/\/www.giurgiuveanul.ro\/stiri\/wp-content\/uploads\/2023\/08\/1-8-560x364.jpg 560w, https:\/\/www.giurgiuveanul.ro\/stiri\/wp-content\/uploads\/2023\/08\/1-8-250x162.jpg 250w, https:\/\/www.giurgiuveanul.ro\/stiri\/wp-content\/uploads\/2023\/08\/1-8-768x499.jpg 768w, https:\/\/www.giurgiuveanul.ro\/stiri\/wp-content\/uploads\/2023\/08\/1-8-400x260.jpg 400w, https:\/\/www.giurgiuveanul.ro\/stiri\/wp-content\/uploads\/2023\/08\/1-8.jpg 1493w\" sizes=\"auto, (max-width: 575px) 100vw, 575px\" \/><\/a>Societ\u0103\u021bile din subordinea Consiliului Local al municipiului Giurgiu (GCE, GSP, GSL) au fost convocate, ast\u0103zi,<!--more--> \u00eentr-o \u00a0\u0219edin\u021b\u0103 de lucru unde primarul municipiului, <strong>Adrian Anghelescu<\/strong> \u0219i administratorul public, <strong>Marius Olteanu<\/strong>, \u00eempreun\u0103 cu <strong>reprezentan\u021bii Direc\u021biei de Servicii Publice Direc\u021biei Tehnice si Directiei Poli\u021biei Locale<\/strong> au stabilit priorit\u0103\u021bile pentru sezonul care urmeaz\u0103.<\/p>\n<p style=\"text-align: justify;\"><strong>Primarul Adrian Anghelescu a cerut ca municipiul Giurgiu s\u0103 devin\u0103 prioritatea zero a tuturor acestor societ\u0103\u021bi \u0219i ca acesta s\u0103 fie cur\u0103\u021bat periodic, vegeta\u021bia \u00eentre\u021binut\u0103, activitatea de dezinsec\u021bie realizat\u0103, parcurile p\u0103strate \u00een condi\u021bii civilizate \u0219i pentru aceasta este necesar\u0103 nu doar implicarea autorit\u0103\u021bilor, ci si a organelor de control pentru aplicare de sanc\u021biuni\u00a0 \u0219i responsabilizarea cet\u0103\u021benilor pentru p\u0103strarea \u00een condi\u021bii bune a patrimoniului \u0219i a cur\u0103\u021beniei trotuarelor \u0219i spa\u021biilor publice<\/strong>.<\/p>\n<p><a href=\"https:\/\/www.giurgiuveanul.ro\/stiri\/wp-content\/uploads\/2023\/08\/2-8.jpg\"><img loading=\"lazy\" decoding=\"async\" class=\"aligncenter  wp-image-99802\" src=\"https:\/\/www.giurgiuveanul.ro\/stiri\/wp-content\/uploads\/2023\/08\/2-8-560x373.jpg\" alt=\"\" width=\"568\" height=\"378\" srcset=\"https:\/\/www.giurgiuveanul.ro\/stiri\/wp-content\/uploads\/2023\/08\/2-8-560x373.jpg 560w, https:\/\/www.giurgiuveanul.ro\/stiri\/wp-content\/uploads\/2023\/08\/2-8-250x167.jpg 250w, https:\/\/www.giurgiuveanul.ro\/stiri\/wp-content\/uploads\/2023\/08\/2-8-768x512.jpg 768w, https:\/\/www.giurgiuveanul.ro\/stiri\/wp-content\/uploads\/2023\/08\/2-8-1536x1024.jpg 1536w, https:\/\/www.giurgiuveanul.ro\/stiri\/wp-content\/uploads\/2023\/08\/2-8-400x267.jpg 400w, https:\/\/www.giurgiuveanul.ro\/stiri\/wp-content\/uploads\/2023\/08\/2-8.jpg 1620w\" sizes=\"auto, (max-width: 568px) 100vw, 568px\" \/><\/a> <a href=\"https:\/\/www.giurgiuveanul.ro\/stiri\/wp-content\/uploads\/2023\/08\/3-8.jpg\"><img loading=\"lazy\" decoding=\"async\" class=\"aligncenter  wp-image-99803\" src=\"https:\/\/www.giurgiuveanul.ro\/stiri\/wp-content\/uploads\/2023\/08\/3-8-560x373.jpg\" alt=\"\" width=\"566\" height=\"377\" srcset=\"https:\/\/www.giurgiuveanul.ro\/stiri\/wp-content\/uploads\/2023\/08\/3-8-560x373.jpg 560w, https:\/\/www.giurgiuveanul.ro\/stiri\/wp-content\/uploads\/2023\/08\/3-8-250x167.jpg 250w, https:\/\/www.giurgiuveanul.ro\/stiri\/wp-content\/uploads\/2023\/08\/3-8-768x512.jpg 768w, https:\/\/www.giurgiuveanul.ro\/stiri\/wp-content\/uploads\/2023\/08\/3-8-1536x1024.jpg 1536w, https:\/\/www.giurgiuveanul.ro\/stiri\/wp-content\/uploads\/2023\/08\/3-8-400x267.jpg 400w, https:\/\/www.giurgiuveanul.ro\/stiri\/wp-content\/uploads\/2023\/08\/3-8.jpg 1620w\" sizes=\"auto, (max-width: 566px) 100vw, 566px\" \/><\/a> <a href=\"https:\/\/www.giurgiuveanul.ro\/stiri\/wp-content\/uploads\/2023\/08\/4-8.jpg\"><img loading=\"lazy\" decoding=\"async\" class=\"aligncenter  wp-image-99804\" src=\"https:\/\/www.giurgiuveanul.ro\/stiri\/wp-content\/uploads\/2023\/08\/4-8-388x450.jpg\" alt=\"\" width=\"564\" height=\"654\" srcset=\"https:\/\/www.giurgiuveanul.ro\/stiri\/wp-content\/uploads\/2023\/08\/4-8-388x450.jpg 388w, https:\/\/www.giurgiuveanul.ro\/stiri\/wp-content\/uploads\/2023\/08\/4-8-250x290.jpg 250w, https:\/\/www.giurgiuveanul.ro\/stiri\/wp-content\/uploads\/2023\/08\/4-8-768x890.jpg 768w, https:\/\/www.giurgiuveanul.ro\/stiri\/wp-content\/uploads\/2023\/08\/4-8-400x464.jpg 400w, https:\/\/www.giurgiuveanul.ro\/stiri\/wp-content\/uploads\/2023\/08\/4-8.jpg 1080w\" sizes=\"auto, (max-width: 564px) 100vw, 564px\" \/><\/a> <a href=\"https:\/\/www.giurgiuveanul.ro\/stiri\/wp-content\/uploads\/2023\/08\/5-8.jpg\"><img loading=\"lazy\" decoding=\"async\" class=\"aligncenter  wp-image-99805\" src=\"https:\/\/www.giurgiuveanul.ro\/stiri\/wp-content\/uploads\/2023\/08\/5-8-560x437.jpg\" alt=\"\" width=\"568\" height=\"443\" srcset=\"https:\/\/www.giurgiuveanul.ro\/stiri\/wp-content\/uploads\/2023\/08\/5-8-560x437.jpg 560w, https:\/\/www.giurgiuveanul.ro\/stiri\/wp-content\/uploads\/2023\/08\/5-8-250x195.jpg 250w, https:\/\/www.giurgiuveanul.ro\/stiri\/wp-content\/uploads\/2023\/08\/5-8-768x600.jpg 768w, https:\/\/www.giurgiuveanul.ro\/stiri\/wp-content\/uploads\/2023\/08\/5-8-400x312.jpg 400w, https:\/\/www.giurgiuveanul.ro\/stiri\/wp-content\/uploads\/2023\/08\/5-8.jpg 1268w\" sizes=\"auto, (max-width: 568px) 100vw, 568px\" \/><\/a> <a href=\"https:\/\/www.giurgiuveanul.ro\/stiri\/wp-content\/uploads\/2023\/08\/6-5.jpg\"><img loading=\"lazy\" decoding=\"async\" class=\"aligncenter  wp-image-99806\" src=\"https:\/\/www.giurgiuveanul.ro\/stiri\/wp-content\/uploads\/2023\/08\/6-5-560x293.jpg\" alt=\"\" width=\"573\" height=\"300\" srcset=\"https:\/\/www.giurgiuveanul.ro\/stiri\/wp-content\/uploads\/2023\/08\/6-5-560x293.jpg 560w, https:\/\/www.giurgiuveanul.ro\/stiri\/wp-content\/uploads\/2023\/08\/6-5-250x131.jpg 250w, https:\/\/www.giurgiuveanul.ro\/stiri\/wp-content\/uploads\/2023\/08\/6-5-768x402.jpg 768w, https:\/\/www.giurgiuveanul.ro\/stiri\/wp-content\/uploads\/2023\/08\/6-5-1536x804.jpg 1536w, https:\/\/www.giurgiuveanul.ro\/stiri\/wp-content\/uploads\/2023\/08\/6-5-400x209.jpg 400w, https:\/\/www.giurgiuveanul.ro\/stiri\/wp-content\/uploads\/2023\/08\/6-5.jpg 1715w\" sizes=\"auto, (max-width: 573px) 100vw, 573px\" \/><\/a><\/p>\n<p style=\"text-align: justify;\">Astfel, \u00een zilele urm\u0103toare, <strong>GCE continu\u0103 reabilitarea aleilor pietonale de pe B-dul Bucure\u0219ti, de la ARR c\u0103tre Casa de Pensii \u0219i a trotuarelor din zona Casa C\u0103r\u021bii \u0219i pe str.G\u0103rii<\/strong>.<\/p>\n<p style=\"text-align: justify;\">Un alt obiectiv important este <strong>cur\u0103\u021benia \u00een cimitire<\/strong> pentru care vor fi folosite mijloace, utilaje \u0219i resurs\u0103 uman\u0103 de la toate societ\u0103\u021bile subordonate, pentru ca efectul s\u0103 fie unul vizibil.<\/p>\n<p style=\"text-align: justify;\"><strong>GSL va efectua activit\u0103\u021bi specifice \u00een zona unit\u0103\u021bilor de \u00eenv\u0103\u021b\u0103m\u00e2nt, pe trotuare, spa\u021bii verzi adiacente<\/strong>, \u00een timp ce <strong>GSP va reorganiza activitatea de dezinsec\u021bie pentru eficientizare economic\u0103 \u0219i a beneficiilor oferite, \u00een zonele prioritare<\/strong>.<\/p>\n<p style=\"text-align: justify;\">Pentru ca toate aceste eforturi, dar \u0219i cele din activitatea curent\u0103 de cur\u0103\u021benie \u0219i \u00eentre\u021binere s\u0103 nu fie \u00een zadar,\u00a0 Direc\u021bia Poli\u021biei Locale va ac\u021biona \u00een consecin\u021b\u0103.<\/p>\n","protected":false},"excerpt":{"rendered":"<p>Societ\u0103\u021bile din subordinea Consiliului Local al municipiului Giurgiu (GCE, GSP, GSL) au fost convocate, ast\u0103zi,<\/p>\n","protected":false},"author":1,"featured_media":0,"comment_status":"open","ping_status":"open","sticky":false,"template":"","format":"standard","meta":{"footnotes":""},"categories":[6],"tags":[],"class_list":["post-99799","post","type-post","status-publish","format-standard","hentry","category-breaking-news"],"_links":{"self":[{"href":"https:\/\/www.giurgiuveanul.ro\/stiri\/wp-json\/wp\/v2\/posts\/99799","targetHints":{"allow":["GET"]}}],"collection":[{"href":"https:\/\/www.giurgiuveanul.ro\/stiri\/wp-json\/wp\/v2\/posts"}],"about":[{"href":"https:\/\/www.giurgiuveanul.ro\/stiri\/wp-json\/wp\/v2\/types\/post"}],"author":[{"embeddable":true,"href":"https:\/\/www.giurgiuveanul.ro\/stiri\/wp-json\/wp\/v2\/users\/1"}],"replies":[{"embeddable":true,"href":"https:\/\/www.giurgiuveanul.ro\/stiri\/wp-json\/wp\/v2\/comments?post=99799"}],"version-history":[{"count":0,"href":"https:\/\/www.giurgiuveanul.ro\/stiri\/wp-json\/wp\/v2\/posts\/99799\/revisions"}],"wp:attachment":[{"href":"https:\/\/www.giurgiuveanul.ro\/stiri\/wp-json\/wp\/v2\/media?parent=99799"}],"wp:term":[{"taxonomy":"category","embeddable":true,"href":"https:\/\/www.giurgiuveanul.ro\/stiri\/wp-json\/wp\/v2\/categories?post=99799"},{"taxonomy":"post_tag","embeddable":true,"href":"https:\/\/www.giurgiuveanul.ro\/stiri\/wp-json\/wp\/v2\/tags?post=99799"}],"curies":[{"name":"wp","href":"https:\/\/api.w.org\/{rel}","templated":true}]}}