{"id":99817,"date":"2023-08-29T10:50:23","date_gmt":"2023-08-29T07:50:23","guid":{"rendered":"https:\/\/www.giurgiuveanul.ro\/stiri\/?p=99817"},"modified":"2023-08-29T10:50:23","modified_gmt":"2023-08-29T07:50:23","slug":"tanar-de-19-ani-retinut-pentru-ucidere-din-culpa-si-parasirea-locului-producerii-accidentului-victima-a-fost-un-cetatean-indian-de-38-de-ani","status":"publish","type":"post","link":"https:\/\/www.giurgiuveanul.ro\/stiri\/tanar-de-19-ani-retinut-pentru-ucidere-din-culpa-si-parasirea-locului-producerii-accidentului-victima-a-fost-un-cetatean-indian-de-38-de-ani\/","title":{"rendered":"T\u00e2n\u0103r de 19 ani re\u021binut pentru ucidere din culp\u0103 \u0219i p\u0103r\u0103sirea locului producerii accidentului. Victima a fost un cet\u0103\u0163ean indian, de 38 de ani"},"content":{"rendered":"<p style=\"text-align: justify;\"><strong><a href=\"https:\/\/www.giurgiuveanul.ro\/stiri\/wp-content\/uploads\/2023\/05\/criminalisti-crima-politie-1.jpg\"><img loading=\"lazy\" decoding=\"async\" class=\"aligncenter  wp-image-97760\" src=\"https:\/\/www.giurgiuveanul.ro\/stiri\/wp-content\/uploads\/2023\/05\/criminalisti-crima-politie-1-560x315.jpg\" alt=\"\" width=\"574\" height=\"323\" srcset=\"https:\/\/www.giurgiuveanul.ro\/stiri\/wp-content\/uploads\/2023\/05\/criminalisti-crima-politie-1-560x315.jpg 560w, https:\/\/www.giurgiuveanul.ro\/stiri\/wp-content\/uploads\/2023\/05\/criminalisti-crima-politie-1-250x141.jpg 250w, https:\/\/www.giurgiuveanul.ro\/stiri\/wp-content\/uploads\/2023\/05\/criminalisti-crima-politie-1-768x432.jpg 768w, https:\/\/www.giurgiuveanul.ro\/stiri\/wp-content\/uploads\/2023\/05\/criminalisti-crima-politie-1-400x225.jpg 400w, https:\/\/www.giurgiuveanul.ro\/stiri\/wp-content\/uploads\/2023\/05\/criminalisti-crima-politie-1.jpg 800w\" sizes=\"auto, (max-width: 574px) 100vw, 574px\" \/><\/a>La data de<!--more--> 28 august a.c., ora 4.07, Poli\u021bia Municipiului Giurgiu a fost sesizat\u0103 prin S.N.U.A.U. 112, de c\u0103tre un b\u0103rbat, cu privire la faptul c\u0103 la podul de pe D.J. 503, l\u00e2ng\u0103 Gara St\u0103ne\u0219ti, a avut loc un accident rutier.<\/strong><\/p>\n<p style=\"text-align: justify;\">\n<p style=\"text-align: justify;\">Din primele cercet\u0103ri, a reie\u0219it faptul c\u0103, la data de 28 august a.c., ora 03.20, conduc\u0103torul unui autoturism, \u00een timp ce se deplasa pe D.J.503, din direc\u021bia Gara Chiriacu c\u0103tre localitatea B\u0103lanu, \u00een dreptul unui pod care traverseaz\u0103 canalul Giurgiu \u2013 R\u0103smire\u0219ti, nu ar fi respectat semnalizarea temporar\u0103 instituit\u0103 ca urmare a lucr\u0103rilor efectuate pe carosabil, accident\u00e2nd mortal un b\u0103rbat, de 38 de ani, cet\u0103\u021bean indian.<\/p>\n<p style=\"text-align: justify;\">\n<p style=\"text-align: justify;\">Conduc\u0103torul autoturismului a p\u0103r\u0103sit locul producerii accidentului f\u0103r\u0103 \u00eencuviin\u021barea poli\u021bi\u0219tilor, ulterior acesta fiind depistat de c\u0103tre poli\u021bi\u0219tii giurgiuveni, \u00een localitatea Ro\u0219iori de Vede, jude\u021bul Teleorman.<\/p>\n<p style=\"text-align: justify;\">\n<p style=\"text-align: justify;\">T\u00e2n\u0103rul, de 19 ani, din municipiul Craiova, jude\u021bul Dolj, a fost testat at\u00e2t cu aparatul drager, c\u00e2t \u0219i cu aparatul drugtest, rezultatele fiind 0.<\/p>\n<p style=\"text-align: justify;\">\n<p style=\"text-align: justify;\">\u00cen cauz\u0103, a fost \u00eentocmit <strong>dosar penal sub aspectul s\u0103v\u00e2r\u0219irii infrac\u021biunilor de ucidere din culp\u0103 \u0219i p\u0103r\u0103sirea locului accidentului f\u0103r\u0103 \u00eencuviin\u021barea poli\u021bi\u0219tilor<\/strong>.<\/p>\n<p style=\"text-align: justify;\">\n<p style=\"text-align: justify;\">Pe baza probatoriului administrat, sub coordonarea procurorului de caz din cadrul Parchetului de pe l\u00e2ng\u0103 Judec\u0103toria Giurgiu, <strong>conduc\u0103torul autoturismului a fost re\u021binut, pentru 24 de ore, urm\u00e2nd ca ast\u0103zi, acesta s\u0103 fie prezentat instan\u021bei de judecat\u0103, cu propuneri procedurale.<\/strong><\/p>\n","protected":false},"excerpt":{"rendered":"<p>La data de<\/p>\n","protected":false},"author":1,"featured_media":0,"comment_status":"open","ping_status":"open","sticky":false,"template":"","format":"standard","meta":{"footnotes":""},"categories":[6],"tags":[],"class_list":["post-99817","post","type-post","status-publish","format-standard","hentry","category-breaking-news"],"_links":{"self":[{"href":"https:\/\/www.giurgiuveanul.ro\/stiri\/wp-json\/wp\/v2\/posts\/99817","targetHints":{"allow":["GET"]}}],"collection":[{"href":"https:\/\/www.giurgiuveanul.ro\/stiri\/wp-json\/wp\/v2\/posts"}],"about":[{"href":"https:\/\/www.giurgiuveanul.ro\/stiri\/wp-json\/wp\/v2\/types\/post"}],"author":[{"embeddable":true,"href":"https:\/\/www.giurgiuveanul.ro\/stiri\/wp-json\/wp\/v2\/users\/1"}],"replies":[{"embeddable":true,"href":"https:\/\/www.giurgiuveanul.ro\/stiri\/wp-json\/wp\/v2\/comments?post=99817"}],"version-history":[{"count":0,"href":"https:\/\/www.giurgiuveanul.ro\/stiri\/wp-json\/wp\/v2\/posts\/99817\/revisions"}],"wp:attachment":[{"href":"https:\/\/www.giurgiuveanul.ro\/stiri\/wp-json\/wp\/v2\/media?parent=99817"}],"wp:term":[{"taxonomy":"category","embeddable":true,"href":"https:\/\/www.giurgiuveanul.ro\/stiri\/wp-json\/wp\/v2\/categories?post=99817"},{"taxonomy":"post_tag","embeddable":true,"href":"https:\/\/www.giurgiuveanul.ro\/stiri\/wp-json\/wp\/v2\/tags?post=99817"}],"curies":[{"name":"wp","href":"https:\/\/api.w.org\/{rel}","templated":true}]}}