{"id":99840,"date":"2023-08-30T09:21:14","date_gmt":"2023-08-30T06:21:14","guid":{"rendered":"https:\/\/www.giurgiuveanul.ro\/stiri\/?p=99840"},"modified":"2023-08-30T09:21:14","modified_gmt":"2023-08-30T06:21:14","slug":"cercetati-pentru-conducere-pe-drumurile-publice-fara-permis-de-conducere-respectiv-incredintare","status":"publish","type":"post","link":"https:\/\/www.giurgiuveanul.ro\/stiri\/cercetati-pentru-conducere-pe-drumurile-publice-fara-permis-de-conducere-respectiv-incredintare\/","title":{"rendered":"Cerceta\u021bi pentru conducere pe drumurile publice f\u0103r\u0103 permis de conducere, respectiv \u00eencredin\u021bare"},"content":{"rendered":"<p style=\"text-align: justify;\"><strong><a href=\"https:\/\/www.giurgiuveanul.ro\/stiri\/wp-content\/uploads\/2023\/04\/thumbnail-17.jpeg\"><img loading=\"lazy\" decoding=\"async\" class=\"aligncenter  wp-image-97372\" src=\"https:\/\/www.giurgiuveanul.ro\/stiri\/wp-content\/uploads\/2023\/04\/thumbnail-17-560x441.jpeg\" alt=\"\" width=\"579\" height=\"456\" srcset=\"https:\/\/www.giurgiuveanul.ro\/stiri\/wp-content\/uploads\/2023\/04\/thumbnail-17-560x441.jpeg 560w, https:\/\/www.giurgiuveanul.ro\/stiri\/wp-content\/uploads\/2023\/04\/thumbnail-17-250x197.jpeg 250w, https:\/\/www.giurgiuveanul.ro\/stiri\/wp-content\/uploads\/2023\/04\/thumbnail-17-768x605.jpeg 768w, https:\/\/www.giurgiuveanul.ro\/stiri\/wp-content\/uploads\/2023\/04\/thumbnail-17-400x315.jpeg 400w, https:\/\/www.giurgiuveanul.ro\/stiri\/wp-content\/uploads\/2023\/04\/thumbnail-17.jpeg 1077w\" sizes=\"auto, (max-width: 579px) 100vw, 579px\" \/><\/a>Poli\u021bi\u0219tii giurgiuveni au depistat, la data de 29 august a.c., ora 3.25,<!--more--> pe D.C. 168, \u00een afara localit\u0103\u021bii V\u00e2n\u0103torii Mici, jude\u021bul Giurgiu, un b\u0103rbat, de 27 de ani, din aceea\u0219i localitate, \u00een timp ce conducea un autoturism, f\u0103r\u0103 a poseda permis de conducere pentru nicio categorie de vehicule, potrivit IPJ Giurgiu.<\/strong><\/p>\n<p style=\"text-align: justify;\">\n<p style=\"text-align: justify;\">Autoturismul i-a fost \u00eencredin\u021bat, spre a fi condus, de c\u0103tre un b\u0103rbat, de 21 de ani, din jude\u021bul Vaslui, care cuno\u0219tea faptul c\u0103 acesta nu posed\u0103 permis de conducere.<\/p>\n<p style=\"text-align: justify;\">\n<p style=\"text-align: justify;\">\u00cen cauz\u0103, a fost \u00eentocmit dosar penal sub aspectul s\u0103v\u00e2r\u0219irii infrac\u021biunilor de conducerea unui vehicul pe drumurile publice f\u0103r\u0103 permis de conducere \u015fi \u00eencredin\u021barea unui vehicul pentru conducerea pe drumurile publice unei persoane care nu de\u021bine permis de conducere.<\/p>\n","protected":false},"excerpt":{"rendered":"<p>Poli\u021bi\u0219tii giurgiuveni au depistat, la data de 29 august a.c., ora 3.25,<\/p>\n","protected":false},"author":1,"featured_media":0,"comment_status":"open","ping_status":"open","sticky":false,"template":"","format":"standard","meta":{"footnotes":""},"categories":[6],"tags":[],"class_list":["post-99840","post","type-post","status-publish","format-standard","hentry","category-breaking-news"],"_links":{"self":[{"href":"https:\/\/www.giurgiuveanul.ro\/stiri\/wp-json\/wp\/v2\/posts\/99840","targetHints":{"allow":["GET"]}}],"collection":[{"href":"https:\/\/www.giurgiuveanul.ro\/stiri\/wp-json\/wp\/v2\/posts"}],"about":[{"href":"https:\/\/www.giurgiuveanul.ro\/stiri\/wp-json\/wp\/v2\/types\/post"}],"author":[{"embeddable":true,"href":"https:\/\/www.giurgiuveanul.ro\/stiri\/wp-json\/wp\/v2\/users\/1"}],"replies":[{"embeddable":true,"href":"https:\/\/www.giurgiuveanul.ro\/stiri\/wp-json\/wp\/v2\/comments?post=99840"}],"version-history":[{"count":0,"href":"https:\/\/www.giurgiuveanul.ro\/stiri\/wp-json\/wp\/v2\/posts\/99840\/revisions"}],"wp:attachment":[{"href":"https:\/\/www.giurgiuveanul.ro\/stiri\/wp-json\/wp\/v2\/media?parent=99840"}],"wp:term":[{"taxonomy":"category","embeddable":true,"href":"https:\/\/www.giurgiuveanul.ro\/stiri\/wp-json\/wp\/v2\/categories?post=99840"},{"taxonomy":"post_tag","embeddable":true,"href":"https:\/\/www.giurgiuveanul.ro\/stiri\/wp-json\/wp\/v2\/tags?post=99840"}],"curies":[{"name":"wp","href":"https:\/\/api.w.org\/{rel}","templated":true}]}}