{"id":99852,"date":"2023-08-30T16:24:51","date_gmt":"2023-08-30T13:24:51","guid":{"rendered":"https:\/\/www.giurgiuveanul.ro\/stiri\/?p=99852"},"modified":"2023-08-30T16:31:23","modified_gmt":"2023-08-30T13:31:23","slug":"medima-deschide-o-noua-clinica-de-excelenta-in-imagistica-medicala-si-radiologie-in-giurgiu-a-13-a-din-retea","status":"publish","type":"post","link":"https:\/\/www.giurgiuveanul.ro\/stiri\/medima-deschide-o-noua-clinica-de-excelenta-in-imagistica-medicala-si-radiologie-in-giurgiu-a-13-a-din-retea\/","title":{"rendered":"Medima deschide o nou\u0103 clinic\u0103 de excelen\u021b\u0103 \u00een imagistic\u0103 medical\u0103 \u0219i radiologie \u00een Giurgiu, a 13-a din re\u021bea"},"content":{"rendered":"<p style=\"text-align: justify;\"><strong><a href=\"https:\/\/www.giurgiuveanul.ro\/stiri\/wp-content\/uploads\/2023\/08\/000-medima-giurgiu.jpeg\"><img loading=\"lazy\" decoding=\"async\" class=\"aligncenter wp-image-99853\" src=\"https:\/\/www.giurgiuveanul.ro\/stiri\/wp-content\/uploads\/2023\/08\/000-medima-giurgiu-560x443.jpeg\" alt=\"\" width=\"573\" height=\"453\" srcset=\"https:\/\/www.giurgiuveanul.ro\/stiri\/wp-content\/uploads\/2023\/08\/000-medima-giurgiu-560x443.jpeg 560w, https:\/\/www.giurgiuveanul.ro\/stiri\/wp-content\/uploads\/2023\/08\/000-medima-giurgiu-250x198.jpeg 250w, https:\/\/www.giurgiuveanul.ro\/stiri\/wp-content\/uploads\/2023\/08\/000-medima-giurgiu-768x608.jpeg 768w, https:\/\/www.giurgiuveanul.ro\/stiri\/wp-content\/uploads\/2023\/08\/000-medima-giurgiu-1536x1216.jpeg 1536w, https:\/\/www.giurgiuveanul.ro\/stiri\/wp-content\/uploads\/2023\/08\/000-medima-giurgiu-400x317.jpeg 400w, https:\/\/www.giurgiuveanul.ro\/stiri\/wp-content\/uploads\/2023\/08\/000-medima-giurgiu.jpeg 1801w\" sizes=\"auto, (max-width: 573px) 100vw, 573px\" \/><\/a>Re\u021beaua na\u021bional\u0103 de clinici de excelen\u021b\u0103 \u00een imagistic\u0103 medical\u0103<a href=\"https:\/\/medimahealth.ro\/\"> Medima<\/a> a deschis o nou\u0103 clinic\u0103 \u00een Giurgiu,<!--more--> printr-o investi\u021bie \u00een valoare de aproximativ 1,3\u00a0 milioane de euro. Situat\u0103 pe Bulevardul Mihai Viteazu, nr. 5, clinica Medima ofer\u0103 pe plan local servicii de investigare imagistic\u0103 CT \u0219i RMN realizate cu aparatur\u0103 ultraperformant\u0103 \u0219i de cea mai \u00eenalt\u0103 calitate. Odat\u0103 cu aceast\u0103 lansare, re\u021beaua Medima ajunge la 13 clinici opera\u021bionale la nivel na\u021bional.<\/strong><\/p>\n<p style=\"text-align: justify;\">Clinica Medima Giurgiu este dotat\u0103 cu echipamente de imagistic\u0103 medical\u0103 de ultim\u0103 genera\u021bie, recunoscute la nivel mondial, inclusiv aparatul RMN Canon Elan 1.5T \u0219i CT Canon Aquilion Lightning.<\/p>\n<p style=\"text-align: justify;\">Gama larg\u0103 de servicii medicale oferite \u00een cadrul clinicii Medima Giurgiu acoper\u0103 toate tipurile de examin\u0103ri prin rezonan\u021b\u0103 magnetic\u0103 (RMN) \u0219i tomografie computerizat\u0103 (CT), de la examin\u0103ri uzuale ale diferitelor zone anatomice p\u00e2n\u0103 la investiga\u021bii avansate, extrem de utile \u00een patologiile complexe, precum cele oncologice, vasculare, neurologice sau musculo-scheletale.<\/p>\n<p style=\"text-align: justify;\">Echipa Medima Giurgiu este format\u0103 din medici radiologi de elit\u0103, specializa\u021bi \u00een diverse domenii, care asigur\u0103 acoperirea \u00eentregii game de examin\u0103ri RMN \u0219i CT. Directorul medical, Prof. Univ. Dr. Gheorghe Iana, este unul dintre cei mai respecta\u021bi exper\u021bi \u00een imagistic\u0103 din Rom\u00e2nia, cu o experien\u021b\u0103 de peste 30 de ani. Coordonatorul echipei locale din Giurgiu este Dr. Elie Sorina, Medic Primar \u00een Radiologie \u0219i Imagistic\u0103 Medical\u0103.<\/p>\n<p style=\"text-align: justify;\"><strong>Prof. Univ. Dr. Gheorghe Iana,<\/strong> Director Medical al Medima, declar\u0103: <em>&#8222;Deschiderea clinicii Medima \u00een Giurgiu face parte din strategia noastr\u0103 de extindere la nivel na\u021bional \u0219i ne propunem s\u0103 facilit\u0103m accesul pacien\u021bilor din aceast\u0103 zon\u0103 la servicii de imagistic\u0103 medical\u0103 de top. Centrul nostru aduce \u00eempreun\u0103 tehnologie de v\u00e2rf, o echip\u0103 de speciali\u0219ti, rezultate prompte \u0219i precise.&#8221;<\/em><\/p>\n<p style=\"text-align: justify;\"><strong>Vlad Ardeleanu<\/strong>, CEO al Medima, adaug\u0103: <strong>&#8222;Re\u021beaua Medima continu\u0103 s\u0103 se extind\u0103 la nivel na\u021bional, av\u00e2nd misiunea de a \u00eembun\u0103t\u0103\u021bi accesul popula\u021biei la investiga\u021bii imagistice moderne, care joac\u0103 un rol important \u00een preven\u021bia \u0219i depistarea timpurie a afec\u021biunilor. Prin dezvoltarea serviciilor de imagistic\u0103 medical\u0103 la nivel local, ne propunem s\u0103 avem un impact pozitiv pe termen lung, prin cre\u0219terea speran\u021bei de via\u021b\u0103 \u0219i tratamente mai pu\u021bin costisitoare pentru pacien\u021bi.&#8221;<\/strong><\/p>\n<p style=\"text-align: justify;\"><strong><u>Despre Medima<\/u><\/strong><\/p>\n<p style=\"text-align: justify;\"><em>Medima este o re\u021bea na\u021bional\u0103 de clinici de excelen\u021b\u0103 \u00een imagistic\u0103 medical\u0103 \u0219i radiologie, care ofer\u0103 servicii de RMN\/CT\/PET-CT. Av\u00e2nd 13 clinici moderne opera\u021bionale \u0219i planuri de dezvoltare ambi\u021bioase pentru Rom\u00e2nia, Medima asigur\u0103 pacien\u021bilor acces la investiga\u021bii imagistice de \u00eenalt\u0103 performan\u021b\u0103, realizate cu tehnologii moderne, la pre\u021buri accesibile \u0219i f\u0103r\u0103 perioade lungi de a\u0219teptare. Echipa Medima este format\u0103 din medici radiologi reputa\u021bi, sub coordonarea Prof. Univ. Dr. Gheorghe Iana, radiolog rom\u00e2n proeminent \u0219i director medical al re\u021belei. \u00cen septembrie 2020, Medima s-a asociat cu fondul rom\u00e2nesc de private equity, Morphosis Capital, pentru un proiect de expansiune la nivel na\u021bional, urm\u00e2nd ca \u00een 2022 s\u0103 se al\u0103ture proiectului \u0219i fondul interna\u021bional de private equity Integral Venture Partners, pentru cre\u0219terea proiectului \u00eentr-un ritm \u0219i mai accelerat<\/em>.<\/p>\n<p style=\"text-align: justify;\"><em>Informa\u021bii suplimentare:<\/em><\/p>\n<p style=\"text-align: justify;\">Pentru mai multe informa\u021bii \u0219i program\u0103ri, v\u0103 rug\u0103m s\u0103 contacta\u021bi:<\/p>\n<p style=\"text-align: justify;\">Clinica Medima Giurgiu<\/p>\n<p style=\"text-align: justify;\">Adres\u0103: Bulevardul Mihai Viteazul 5, Giurgiu<\/p>\n<p style=\"text-align: justify;\">Telefon: 0373 301 134<\/p>\n","protected":false},"excerpt":{"rendered":"<p>Re\u021beaua na\u021bional\u0103 de clinici de excelen\u021b\u0103 \u00een imagistic\u0103 medical\u0103 Medima a deschis o nou\u0103 clinic\u0103 \u00een Giurgiu,<\/p>\n","protected":false},"author":1,"featured_media":0,"comment_status":"open","ping_status":"open","sticky":false,"template":"","format":"standard","meta":{"footnotes":""},"categories":[6],"tags":[],"class_list":["post-99852","post","type-post","status-publish","format-standard","hentry","category-breaking-news"],"_links":{"self":[{"href":"https:\/\/www.giurgiuveanul.ro\/stiri\/wp-json\/wp\/v2\/posts\/99852","targetHints":{"allow":["GET"]}}],"collection":[{"href":"https:\/\/www.giurgiuveanul.ro\/stiri\/wp-json\/wp\/v2\/posts"}],"about":[{"href":"https:\/\/www.giurgiuveanul.ro\/stiri\/wp-json\/wp\/v2\/types\/post"}],"author":[{"embeddable":true,"href":"https:\/\/www.giurgiuveanul.ro\/stiri\/wp-json\/wp\/v2\/users\/1"}],"replies":[{"embeddable":true,"href":"https:\/\/www.giurgiuveanul.ro\/stiri\/wp-json\/wp\/v2\/comments?post=99852"}],"version-history":[{"count":0,"href":"https:\/\/www.giurgiuveanul.ro\/stiri\/wp-json\/wp\/v2\/posts\/99852\/revisions"}],"wp:attachment":[{"href":"https:\/\/www.giurgiuveanul.ro\/stiri\/wp-json\/wp\/v2\/media?parent=99852"}],"wp:term":[{"taxonomy":"category","embeddable":true,"href":"https:\/\/www.giurgiuveanul.ro\/stiri\/wp-json\/wp\/v2\/categories?post=99852"},{"taxonomy":"post_tag","embeddable":true,"href":"https:\/\/www.giurgiuveanul.ro\/stiri\/wp-json\/wp\/v2\/tags?post=99852"}],"curies":[{"name":"wp","href":"https:\/\/api.w.org\/{rel}","templated":true}]}}