{"id":99879,"date":"2023-08-31T17:38:50","date_gmt":"2023-08-31T14:38:50","guid":{"rendered":"https:\/\/www.giurgiuveanul.ro\/stiri\/?p=99879"},"modified":"2023-08-31T17:39:06","modified_gmt":"2023-08-31T14:39:06","slug":"au-inceput-inscrierile-pentru-sun-challenge-editia-a-5-a","status":"publish","type":"post","link":"https:\/\/www.giurgiuveanul.ro\/stiri\/au-inceput-inscrierile-pentru-sun-challenge-editia-a-5-a\/","title":{"rendered":"Au \u00eenceput \u00eenscrierile pentru Sun Challenge edi\u021bia a 5-a"},"content":{"rendered":"<p style=\"text-align: justify;\"><strong><a href=\"https:\/\/www.giurgiuveanul.ro\/stiri\/wp-content\/uploads\/2023\/08\/thumbnail-13.jpeg\"><img loading=\"lazy\" decoding=\"async\" class=\"aligncenter wp-image-99880\" src=\"https:\/\/www.giurgiuveanul.ro\/stiri\/wp-content\/uploads\/2023\/08\/thumbnail-13-560x293.jpeg\" alt=\"\" width=\"576\" height=\"301\" srcset=\"https:\/\/www.giurgiuveanul.ro\/stiri\/wp-content\/uploads\/2023\/08\/thumbnail-13-560x293.jpeg 560w, https:\/\/www.giurgiuveanul.ro\/stiri\/wp-content\/uploads\/2023\/08\/thumbnail-13-250x131.jpeg 250w, https:\/\/www.giurgiuveanul.ro\/stiri\/wp-content\/uploads\/2023\/08\/thumbnail-13-768x402.jpeg 768w, https:\/\/www.giurgiuveanul.ro\/stiri\/wp-content\/uploads\/2023\/08\/thumbnail-13-1536x804.jpeg 1536w, https:\/\/www.giurgiuveanul.ro\/stiri\/wp-content\/uploads\/2023\/08\/thumbnail-13-400x209.jpeg 400w, https:\/\/www.giurgiuveanul.ro\/stiri\/wp-content\/uploads\/2023\/08\/thumbnail-13.jpeg 1920w\" sizes=\"auto, (max-width: 576px) 100vw, 576px\" \/><\/a>S-au deschis \u00eenscrierile pentru Sun Challenge 2023. Alearg\u0103 \u00een Parcul Natural V\u0103c\u0103re\u0219ti \u0219i sus\u0163ine<!--more--> construirea de ad\u0103posturi plutitoare pentru p\u0103s\u0103rile din parc!<\/strong><\/p>\n<p style=\"text-align: justify;\">Vino pe 1 octombrie 2023 s\u0103 alerg\u0103m \u00eempreun\u0103 \u00een inima Deltei V\u0103c\u0103re\u0219ti la cel\u00a0 mai verde eveniment sportiv din Bucure\u0219ti, organizat de Sun Plaza \u00een Parcul\u00a0 Natural V\u0103c\u0103re\u0219ti.<\/p>\n<p style=\"text-align: justify;\">Alege una dintre cele trei distan\u021be, de 5, 10 sau 20 km \u0219i \u00eenscrie-te la alergare!\u00a0 Banii str\u00e2n\u0219i vor fi folosi\u021bi pentru a construi locuin\u021be plutitoare pentru speciile\u00a0 protejate din parc.<\/p>\n<p style=\"text-align: justify;\"><strong>Ce este Sun Challenge?\u00a0<\/strong><\/p>\n<p style=\"text-align: justify;\">Sun Challenge V\u0103c\u0103re\u0219ti este cel mai verde eveniment sportiv din Bucure\u0219ti,\u00a0 care \u00eenc\u0103 din 2018 \u00eembin\u0103 iubirea pentru sport cu dorin\u021ba de a proteja natura.\u00a0 Anul acesta Sun Plaza organizeaz\u0103 cea de-a 5-a edi\u021bie pe data de 1 octombrie\u00a0 2023. Te invit\u0103m s\u0103 alergi \u00eentr-o zon\u0103 verde din pl\u0103m\u00e2nii capitalei pentru a\u00a0 proteja via\u021ba s\u0103lbatic\u0103 din Parcul Natural V\u0103c\u0103re\u0219ti.<\/p>\n<p style=\"text-align: justify;\">R\u0103m\u00e2i \u00een form\u0103 \u0219i bucur\u0103-te de frumuse\u021bile Parcului Natural V\u0103c\u0103re\u0219ti al\u0103turi\u00a0 de noi.<\/p>\n<p style=\"text-align: justify;\"><b>\u00censcrie-te acum \u0219i ajut\u0103 vie\u021buitoarele din capital\u0103!\u00a0<\/b><\/p>\n<p style=\"text-align: justify;\">Contribu\u021biile de participare sunt diferite \u00een func\u021bie de perioada \u00een care se\u00a0 realizeaz\u0103 \u00eenscrierea. P\u00e2n\u0103 pe 11 septembrie te po\u021bi bucura de perioada Early\u00a0 Bird: 120 RON pentru proba de 5 km, 10 km sau 20 km. \u00cen perioada 12 \u2013 25\u00a0 septembrie, participan\u021bii pl\u0103tesc 150 RON pentru toate probele.<\/p>\n<blockquote><p>Anul acesta ne-am propus s\u0103 realiz\u0103m, cu ajutorul contribu\u021biilor de participare\u00a0 din partea alerg\u0103torilor, noi ad\u0103posturi plutitoare pentru p\u0103s\u0103rile \u0219i \u021bestoasele\u00a0 din Parcul V\u0103c\u0103re\u0219ti.<\/p>\n<p>Dup\u0103 ce \u00een anii precedenti am construit o\u00a0<a class=\"ext-link\" href=\"https:\/\/www.youtube.com\/watch?v=cjTBrWioq88\" target=\"_blank\" rel=\"nofollow noopener noreferrer\" data-wpel-link=\"external\">maternitate pentru \u021bestoase<\/a>\u00a0(\u00een 2019), am creat un program\u00a0 pentru\u00a0<a class=\"ext-link\" href=\"https:\/\/www.youtube.com\/watch?v=NmN43Sl2iRU\" target=\"_blank\" rel=\"nofollow noopener noreferrer\" data-wpel-link=\"external\">conservarea vidrelor<\/a>\u00a0(\u00een 2021) \u0219i am realizat cel mai\u00a0 mare\u00a0<a class=\"ext-link\" href=\"https:\/\/www.youtube.com\/watch?v=5fyh1sP42l0\" target=\"_blank\" rel=\"nofollow noopener noreferrer\" data-wpel-link=\"external\">traseu de alergare<\/a>, lung de 10 km, \u00een inima Deltei Vacaresti (\u00een 2022), anul acesta ajut\u0103m\u00a0 animalele din \u2019\u2019pl\u0103m\u00e2nii\u2019\u2019 capitalei s\u0103 fie \u0219i mai \u00een siguran\u021b\u0103.<\/p>\n<p>Parcul V\u0103c\u0103re\u0219ti este un refugiu pentru numeroase specii de vie\u021buitoare.\u00a0 Acestea ar fi mai \u00een siguran\u021b\u0103 dac\u0103 ar avea ad\u0103posturi departe de pr\u0103d\u0103torii\u00a0 de pe uscat. \u00cempreun\u0103 le putem proteja! Vom construi mai multe ad\u0103posturi\u00a0 plutitoare unde vie\u021buitoarele \u00ee\u0219i vor putea cre\u0219te puii \u00een siguran\u021b\u0103.<\/p><\/blockquote>\n<p style=\"text-align: justify;\">Dup\u0103 edi\u0163ia Sun Challenge din acest an vei putea admira pe numeroasele\u00a0 poteci din parc: cormorani, ra\u021be ro\u0219ii, st\u00e2rci \u0219i \u021bestoase ce vor beneficia de\u00a0 ad\u0103posturile construite \u00een urma evenimentului organizat de Sun Plaza. Casele\u00a0 plutitoare construite din contribu\u021biile de participare din partea alerg\u0103torilor vor\u00a0 fi realizate din materiale sustenabile, care nu polueaz\u0103 mediul \u00eenconjur\u0103tor.<\/p>\n<p style=\"text-align: justify;\"><strong>Pentru \u00eenscrieri \u0219i informa\u021bii de ultim\u0103 or\u0103 despre Sun Challenge 2023, acceseaza<\/strong>\u00a0<a class=\"ext-link\" href=\"https:\/\/www.sun-plaza.ro\/formular-inscriere-sun%20challenge-2023\/\" target=\"_blank\" rel=\"nofollow noopener noreferrer\" data-wpel-link=\"external\">site-ul<\/a><\/p>\n<p style=\"text-align: justify;\">Anul acesta Lucian M\u00eendru\u0163\u0103 se al\u0103tur\u0103 din nou cauzei \u00een calitate de ambasador.<\/p>\n<p style=\"text-align: justify;\"><b>Despre Sun Plaza\u00a0<\/b><\/p>\n<p style=\"text-align: justify;\">Inaugurat \u00een 2010, Sun Plaza este centrul comercial dominant din zona de sud a Bucure\u0219tiului,\u00a0 av\u00e2nd o suprafa\u021b\u0103 construit\u0103 de 208.000 mp. Centrul comercial cuprinde patru etaje, dou\u0103\u00a0 destinate exclusiv cump\u0103r\u0103turilor, un spa\u021biu de relaxare \u0219i o parcare subteran\u0103 cu 2.000 de\u00a0 locuri. \u00cen anul 2018, Sun Plaza a finalizat cel mai amplu proces de reconfigurare \u0219i extindere\u00a0 din pia\u021ba de retail din Rom\u00e2nia, fiind ad\u0103ugat\u0103 o arip\u0103 nou\u0103, dar \u0219i multe modific\u0103ri la nivel\u00a0 de design. \u00cen 2019 a fost modernizat food court-ul \u0219i reamenajat\u0103 o parte din terasa\u00a0 exterioar\u0103. Centrul comercial este de\u021binut de c\u0103tre CPI Property Group \u0219i administrat de c\u0103tre\u00a0 CBRE Rom\u00e2nia.<\/p>\n<p style=\"text-align: justify;\"><b>Despre CPIPG\u00a0<\/b><\/p>\n<p style=\"text-align: justify;\">CPI Property Group este unul dintre cei mai mari proprietari de real estate din Europa. Cu un\u00a0 portofoliu de propriet\u0103\u0163i a c\u0103rui valoare dep\u0103\u015fe\u015fte 23 miliarde de euro, CPIPG de\u021bine\u00a0 propriet\u0103\u0163i premium de birouri \u00een principalele capitale din Europa Central\u0103 \u0219i de Est:\u00a0 Praga,Berlin, Viena, Bucure\u015fti \u0219i Budapesta. Grupul de\u021bine, de asemenea, propriet\u0103\u021bi de retail\u00a0 \u00een Europa Central\u0103 \u0219i de Est, precum \u0219i hoteluri, unit\u0103\u021bi reziden\u021biale \u015fi terenuri.<\/p>\n<p style=\"text-align: justify;\"><b>Despre Parcul Natural V\u0103c\u0103re\u0219ti\u00a0\u00a0<\/b><\/p>\n<p style=\"text-align: justify;\">Este prima arie protejat\u0103 urban\u0103 a \u021b\u0103rii, cel mai mare spa\u021biu verde al capitalei, situat la doar\u00a0 5 km de centru. Aici au fost identificate aproximativ 170 de specii de p\u0103s\u0103ri, o parte dintre\u00a0 ele fiind specii protejate.<\/p>\n<p style=\"text-align: justify;\">\u00cen ultimii 25 ani, aici s-a format un ecosistem umed cu \u00eentinderi de mla\u0219tini, ochiuri de\u00a0 ap\u0103, stuf\u0103ri\u0219, cr\u00e2nguri de s\u0103lcii, cuiburi de plopi, perdelele de trestie \u0219i stuf. Acestea constituie\u00a0 habitatul numeroaselor specii de p\u0103s\u0103ri de ap\u0103, dar \u0219i a multor specii de insecte, reptile,\u00a0 amfibieni \u0219i mamifere.<\/p>\n<p style=\"text-align: justify;\">Parcul Natural V\u0103c\u0103re\u0219ti este o poveste de succes a naturii care \u0219i-a rec\u00e2\u0219tigat drepturile,\u00a0 chiar \u00een mijlocul celei mai mari aglomer\u0103ri urbane din \u021bar\u0103. Ecosistemul V\u0103c\u0103re\u0219ti este unul\u00a0 viabil, prezent\u00e2nd toate elementele lan\u021bului trofic.<\/p>\n","protected":false},"excerpt":{"rendered":"<p>S-au deschis \u00eenscrierile pentru Sun Challenge 2023. Alearg\u0103 \u00een Parcul Natural V\u0103c\u0103re\u0219ti \u0219i sus\u0163ine<\/p>\n","protected":false},"author":1,"featured_media":0,"comment_status":"open","ping_status":"open","sticky":false,"template":"","format":"standard","meta":{"footnotes":""},"categories":[6],"tags":[],"class_list":["post-99879","post","type-post","status-publish","format-standard","hentry","category-breaking-news"],"_links":{"self":[{"href":"https:\/\/www.giurgiuveanul.ro\/stiri\/wp-json\/wp\/v2\/posts\/99879","targetHints":{"allow":["GET"]}}],"collection":[{"href":"https:\/\/www.giurgiuveanul.ro\/stiri\/wp-json\/wp\/v2\/posts"}],"about":[{"href":"https:\/\/www.giurgiuveanul.ro\/stiri\/wp-json\/wp\/v2\/types\/post"}],"author":[{"embeddable":true,"href":"https:\/\/www.giurgiuveanul.ro\/stiri\/wp-json\/wp\/v2\/users\/1"}],"replies":[{"embeddable":true,"href":"https:\/\/www.giurgiuveanul.ro\/stiri\/wp-json\/wp\/v2\/comments?post=99879"}],"version-history":[{"count":0,"href":"https:\/\/www.giurgiuveanul.ro\/stiri\/wp-json\/wp\/v2\/posts\/99879\/revisions"}],"wp:attachment":[{"href":"https:\/\/www.giurgiuveanul.ro\/stiri\/wp-json\/wp\/v2\/media?parent=99879"}],"wp:term":[{"taxonomy":"category","embeddable":true,"href":"https:\/\/www.giurgiuveanul.ro\/stiri\/wp-json\/wp\/v2\/categories?post=99879"},{"taxonomy":"post_tag","embeddable":true,"href":"https:\/\/www.giurgiuveanul.ro\/stiri\/wp-json\/wp\/v2\/tags?post=99879"}],"curies":[{"name":"wp","href":"https:\/\/api.w.org\/{rel}","templated":true}]}}