{"id":99883,"date":"2023-08-31T18:59:12","date_gmt":"2023-08-31T15:59:12","guid":{"rendered":"https:\/\/www.giurgiuveanul.ro\/stiri\/?p=99883"},"modified":"2023-08-31T19:01:35","modified_gmt":"2023-08-31T16:01:35","slug":"vineri-si-sambata-1-2-septembrie-doua-seri-de-mare-petrecere-la-bizet","status":"publish","type":"post","link":"https:\/\/www.giurgiuveanul.ro\/stiri\/vineri-si-sambata-1-2-septembrie-doua-seri-de-mare-petrecere-la-bizet\/","title":{"rendered":"Vineri \u015fi s\u00e2mb\u0103t\u0103, 1-2 septembrie, dou\u0103 seri de \u201emare petrecere\u201d&#8230; \u201eLa Bizet\u201d!"},"content":{"rendered":"<p><strong><a href=\"https:\/\/www.giurgiuveanul.ro\/stiri\/wp-content\/uploads\/2023\/08\/Bizet-3.jpg\"><img loading=\"lazy\" decoding=\"async\" class=\"aligncenter wp-image-99884\" src=\"https:\/\/www.giurgiuveanul.ro\/stiri\/wp-content\/uploads\/2023\/08\/Bizet-3-560x366.jpg\" alt=\"\" width=\"569\" height=\"372\" srcset=\"https:\/\/www.giurgiuveanul.ro\/stiri\/wp-content\/uploads\/2023\/08\/Bizet-3-560x366.jpg 560w, https:\/\/www.giurgiuveanul.ro\/stiri\/wp-content\/uploads\/2023\/08\/Bizet-3-250x163.jpg 250w, https:\/\/www.giurgiuveanul.ro\/stiri\/wp-content\/uploads\/2023\/08\/Bizet-3-768x502.jpg 768w, https:\/\/www.giurgiuveanul.ro\/stiri\/wp-content\/uploads\/2023\/08\/Bizet-3-400x261.jpg 400w, https:\/\/www.giurgiuveanul.ro\/stiri\/wp-content\/uploads\/2023\/08\/Bizet-3.jpg 1200w\" sizes=\"auto, (max-width: 569px) 100vw, 569px\" \/><\/a>Restaurantul \u201eLa Bizet\u201d,<\/strong><!--more--> aflat \u00een zona podului \u201eBizets\u201d, strada Voestalpine nr. 2, v\u0103 invit\u0103 <strong>vineri seara, 1 septembrie,<\/strong> la \u00eenceput de toamn\u0103 cu muzic\u0103 rom\u00e2neasc\u0103 \u0219i pro\u021bap de oaie, gr\u0103tare de porc \u015fi pui&#8230; toate \u00een aer liber.<\/p>\n<p><a href=\"https:\/\/www.giurgiuveanul.ro\/stiri\/wp-content\/uploads\/2023\/08\/Bizet-1.jpeg\"><img loading=\"lazy\" decoding=\"async\" class=\"aligncenter wp-image-99886\" src=\"https:\/\/www.giurgiuveanul.ro\/stiri\/wp-content\/uploads\/2023\/08\/Bizet-1-257x450.jpeg\" alt=\"\" width=\"569\" height=\"996\" srcset=\"https:\/\/www.giurgiuveanul.ro\/stiri\/wp-content\/uploads\/2023\/08\/Bizet-1-257x450.jpeg 257w, https:\/\/www.giurgiuveanul.ro\/stiri\/wp-content\/uploads\/2023\/08\/Bizet-1-171x300.jpeg 171w, https:\/\/www.giurgiuveanul.ro\/stiri\/wp-content\/uploads\/2023\/08\/Bizet-1-768x1345.jpeg 768w, https:\/\/www.giurgiuveanul.ro\/stiri\/wp-content\/uploads\/2023\/08\/Bizet-1-877x1536.jpeg 877w, https:\/\/www.giurgiuveanul.ro\/stiri\/wp-content\/uploads\/2023\/08\/Bizet-1-343x600.jpeg 343w, https:\/\/www.giurgiuveanul.ro\/stiri\/wp-content\/uploads\/2023\/08\/Bizet-1.jpeg 920w\" sizes=\"auto, (max-width: 569px) 100vw, 569px\" \/><\/a><\/p>\n<p><strong>S\u00e2mb\u0103t\u0103 seara, 2 septembrie,<\/strong> o serat\u0103 italian\u0103 cu paste \u015fi fructe de mare!<\/p>\n<p><a href=\"https:\/\/www.giurgiuveanul.ro\/stiri\/wp-content\/uploads\/2023\/08\/Bizet-2.jpeg\"><img loading=\"lazy\" decoding=\"async\" class=\"aligncenter wp-image-99887\" src=\"https:\/\/www.giurgiuveanul.ro\/stiri\/wp-content\/uploads\/2023\/08\/Bizet-2-267x450.jpeg\" alt=\"\" width=\"565\" height=\"952\" srcset=\"https:\/\/www.giurgiuveanul.ro\/stiri\/wp-content\/uploads\/2023\/08\/Bizet-2-267x450.jpeg 267w, https:\/\/www.giurgiuveanul.ro\/stiri\/wp-content\/uploads\/2023\/08\/Bizet-2-178x300.jpeg 178w, https:\/\/www.giurgiuveanul.ro\/stiri\/wp-content\/uploads\/2023\/08\/Bizet-2-768x1296.jpeg 768w, https:\/\/www.giurgiuveanul.ro\/stiri\/wp-content\/uploads\/2023\/08\/Bizet-2-356x600.jpeg 356w, https:\/\/www.giurgiuveanul.ro\/stiri\/wp-content\/uploads\/2023\/08\/Bizet-2.jpeg 921w\" sizes=\"auto, (max-width: 565px) 100vw, 565px\" \/><\/a><\/p>\n<p><em>A\u0219a c\u0103&#8230; ia-\u021bi prietenii \u0219i hai s\u0103 ne distr\u0103m!<\/em><\/p>\n","protected":false},"excerpt":{"rendered":"<p>Restaurantul \u201eLa Bizet\u201d,<\/p>\n","protected":false},"author":1,"featured_media":0,"comment_status":"open","ping_status":"open","sticky":false,"template":"","format":"standard","meta":{"footnotes":""},"categories":[6],"tags":[],"class_list":["post-99883","post","type-post","status-publish","format-standard","hentry","category-breaking-news"],"_links":{"self":[{"href":"https:\/\/www.giurgiuveanul.ro\/stiri\/wp-json\/wp\/v2\/posts\/99883","targetHints":{"allow":["GET"]}}],"collection":[{"href":"https:\/\/www.giurgiuveanul.ro\/stiri\/wp-json\/wp\/v2\/posts"}],"about":[{"href":"https:\/\/www.giurgiuveanul.ro\/stiri\/wp-json\/wp\/v2\/types\/post"}],"author":[{"embeddable":true,"href":"https:\/\/www.giurgiuveanul.ro\/stiri\/wp-json\/wp\/v2\/users\/1"}],"replies":[{"embeddable":true,"href":"https:\/\/www.giurgiuveanul.ro\/stiri\/wp-json\/wp\/v2\/comments?post=99883"}],"version-history":[{"count":0,"href":"https:\/\/www.giurgiuveanul.ro\/stiri\/wp-json\/wp\/v2\/posts\/99883\/revisions"}],"wp:attachment":[{"href":"https:\/\/www.giurgiuveanul.ro\/stiri\/wp-json\/wp\/v2\/media?parent=99883"}],"wp:term":[{"taxonomy":"category","embeddable":true,"href":"https:\/\/www.giurgiuveanul.ro\/stiri\/wp-json\/wp\/v2\/categories?post=99883"},{"taxonomy":"post_tag","embeddable":true,"href":"https:\/\/www.giurgiuveanul.ro\/stiri\/wp-json\/wp\/v2\/tags?post=99883"}],"curies":[{"name":"wp","href":"https:\/\/api.w.org\/{rel}","templated":true}]}}