{"id":99897,"date":"2023-09-04T15:56:02","date_gmt":"2023-09-04T12:56:02","guid":{"rendered":"https:\/\/www.giurgiuveanul.ro\/stiri\/?p=99897"},"modified":"2023-09-04T15:57:19","modified_gmt":"2023-09-04T12:57:19","slug":"tanara-giurgiuveanca-fara-permis-prinsa-la-volan-in-trafic","status":"publish","type":"post","link":"https:\/\/www.giurgiuveanul.ro\/stiri\/tanara-giurgiuveanca-fara-permis-prinsa-la-volan-in-trafic\/","title":{"rendered":"T\u00e2n\u0103r\u0103 giurgiuveanc\u0103 f\u0103r\u0103 permis de conducere, prins\u0103 la volan, \u00een trafic"},"content":{"rendered":"<p style=\"text-align: justify;\"><a href=\"https:\/\/www.giurgiuveanul.ro\/stiri\/wp-content\/uploads\/2023\/09\/f37003e66991b70ae0d0365d4518cc9cmaxim.jpg\"><img loading=\"lazy\" decoding=\"async\" class=\"aligncenter wp-image-99898\" src=\"https:\/\/www.giurgiuveanul.ro\/stiri\/wp-content\/uploads\/2023\/09\/f37003e66991b70ae0d0365d4518cc9cmaxim-560x293.jpg\" alt=\"\" width=\"579\" height=\"303\" srcset=\"https:\/\/www.giurgiuveanul.ro\/stiri\/wp-content\/uploads\/2023\/09\/f37003e66991b70ae0d0365d4518cc9cmaxim-560x293.jpg 560w, https:\/\/www.giurgiuveanul.ro\/stiri\/wp-content\/uploads\/2023\/09\/f37003e66991b70ae0d0365d4518cc9cmaxim-250x131.jpg 250w, https:\/\/www.giurgiuveanul.ro\/stiri\/wp-content\/uploads\/2023\/09\/f37003e66991b70ae0d0365d4518cc9cmaxim-768x402.jpg 768w, https:\/\/www.giurgiuveanul.ro\/stiri\/wp-content\/uploads\/2023\/09\/f37003e66991b70ae0d0365d4518cc9cmaxim-400x209.jpg 400w, https:\/\/www.giurgiuveanul.ro\/stiri\/wp-content\/uploads\/2023\/09\/f37003e66991b70ae0d0365d4518cc9cmaxim.jpg 970w\" sizes=\"auto, (max-width: 579px) 100vw, 579px\" \/><\/a>Poli\u021bi\u0219tii din cadrul<!--more--> Inspectoratului de Poli\u021bie Jude\u021bean Giurgiu au depistat, la data de 3 septembrie a.c., ora 19.30, \u00een localitatea Neajlov, jude\u021bul Giurgiu, o t\u00e2n\u0103r\u0103, de 22 de ani, din aceea\u0219i localitate, \u00een timp ce conducea un autoturism, f\u0103r\u0103 a poseda permis de conducere pentru nicio categorie de vehicule.<\/p>\n<p style=\"text-align: justify;\">\u00cen cauz\u0103, a fost \u00eentocmit dosar penal sub aspectul s\u0103v\u00e2r\u0219irii infractiunii de conducerea pe drumurile publice a unui vehicul f\u0103r\u0103 a poseda permis de conducere.<\/p>\n","protected":false},"excerpt":{"rendered":"<p>Poli\u021bi\u0219tii din cadrul<\/p>\n","protected":false},"author":1,"featured_media":0,"comment_status":"open","ping_status":"open","sticky":false,"template":"","format":"standard","meta":{"footnotes":""},"categories":[6],"tags":[],"class_list":["post-99897","post","type-post","status-publish","format-standard","hentry","category-breaking-news"],"_links":{"self":[{"href":"https:\/\/www.giurgiuveanul.ro\/stiri\/wp-json\/wp\/v2\/posts\/99897","targetHints":{"allow":["GET"]}}],"collection":[{"href":"https:\/\/www.giurgiuveanul.ro\/stiri\/wp-json\/wp\/v2\/posts"}],"about":[{"href":"https:\/\/www.giurgiuveanul.ro\/stiri\/wp-json\/wp\/v2\/types\/post"}],"author":[{"embeddable":true,"href":"https:\/\/www.giurgiuveanul.ro\/stiri\/wp-json\/wp\/v2\/users\/1"}],"replies":[{"embeddable":true,"href":"https:\/\/www.giurgiuveanul.ro\/stiri\/wp-json\/wp\/v2\/comments?post=99897"}],"version-history":[{"count":0,"href":"https:\/\/www.giurgiuveanul.ro\/stiri\/wp-json\/wp\/v2\/posts\/99897\/revisions"}],"wp:attachment":[{"href":"https:\/\/www.giurgiuveanul.ro\/stiri\/wp-json\/wp\/v2\/media?parent=99897"}],"wp:term":[{"taxonomy":"category","embeddable":true,"href":"https:\/\/www.giurgiuveanul.ro\/stiri\/wp-json\/wp\/v2\/categories?post=99897"},{"taxonomy":"post_tag","embeddable":true,"href":"https:\/\/www.giurgiuveanul.ro\/stiri\/wp-json\/wp\/v2\/tags?post=99897"}],"curies":[{"name":"wp","href":"https:\/\/api.w.org\/{rel}","templated":true}]}}