{"id":99906,"date":"2023-09-04T16:32:14","date_gmt":"2023-09-04T13:32:14","guid":{"rendered":"https:\/\/www.giurgiuveanul.ro\/stiri\/?p=99906"},"modified":"2023-09-04T16:33:47","modified_gmt":"2023-09-04T13:33:47","slug":"dgaspc-giurgiu-tabara-la-mare","status":"publish","type":"post","link":"https:\/\/www.giurgiuveanul.ro\/stiri\/dgaspc-giurgiu-tabara-la-mare\/","title":{"rendered":"DGASPC Giurgiu. Tab\u0103r\u0103 la mare"},"content":{"rendered":"<p style=\"text-align: justify;\"><a href=\"https:\/\/www.giurgiuveanul.ro\/stiri\/wp-content\/uploads\/2023\/09\/thumbnail.jpeg\"><img loading=\"lazy\" decoding=\"async\" class=\"aligncenter wp-image-99907\" src=\"https:\/\/www.giurgiuveanul.ro\/stiri\/wp-content\/uploads\/2023\/09\/thumbnail-560x356.jpeg\" alt=\"\" width=\"573\" height=\"364\" srcset=\"https:\/\/www.giurgiuveanul.ro\/stiri\/wp-content\/uploads\/2023\/09\/thumbnail-560x356.jpeg 560w, https:\/\/www.giurgiuveanul.ro\/stiri\/wp-content\/uploads\/2023\/09\/thumbnail-250x159.jpeg 250w, https:\/\/www.giurgiuveanul.ro\/stiri\/wp-content\/uploads\/2023\/09\/thumbnail-768x489.jpeg 768w, https:\/\/www.giurgiuveanul.ro\/stiri\/wp-content\/uploads\/2023\/09\/thumbnail-400x255.jpeg 400w, https:\/\/www.giurgiuveanul.ro\/stiri\/wp-content\/uploads\/2023\/09\/thumbnail.jpeg 800w\" sizes=\"auto, (max-width: 573px) 100vw, 573px\" \/><\/a>Zece copii \u0219i<!--more-->tineri cu dizabilit\u0103\u021bi, beneficiari de m\u0103sur\u0103 de protec\u021bie special\u0103 la casele de tip familial <em>Casa Albastr<\/em><em>\u0103<\/em> \u0219i <em>Casa Gabriela<\/em><em>, <\/em><em>\u00a0<\/em>au plecat \u00een data 4 septembrie 2023, \u00een tab\u0103r\u0103 la mare, la Eforie Sud.<\/p>\n<p style=\"text-align: justify;\">Tab\u0103ra este organizat\u0103 de Ministerul Familiei, Tineretului \u0219i Egalit\u0103\u021bii de \u0218anse, care asigur\u0103 cheltuielile de cazare \u0219i mas\u0103. Transportul copiilor \u0219i tinerilor precum \u0219i al \u00eenso\u021bitorilor acestora este asigurat de Direc\u021bia General\u0103 de Asisten\u021b\u0103 Social\u0103 \u0219i Protec\u021bia Copilului Giurgiu.<\/p>\n<p style=\"text-align: justify;\">\u201c<em>Participan\u021bii la aceast\u0103 tab\u0103r\u0103, copii \u0219i tineri afla\u021bi \u00een plasament de tip reziden\u021bial, au v\u00e2rste cuprinse \u00eentre 10 ani \u0219i 21\u00a0 ani<\/em><em>;<\/em><em> ei au a\u0219teptat cu ner\u0103bdare plecarea \u00een tab\u0103r\u0103 pe litoral,<\/em><em> organizat<\/em><em>\u0103 pentru<\/em><em>\u00a0 perioada 4-9 septembrie 2023, <\/em><em>\u00a0unde vor avea ocazia s\u0103 se distreze \u0219i s\u0103 socializeze. Mul\u021bumim <\/em><em>Ministerul<\/em><em>ui<\/em><em> Familiei, Tineretului <\/em><em>\u0219<\/em><em>i Egalit<\/em><em>\u0103\u021b<\/em><em>ii de <\/em><em>\u0218<\/em><em>anse pentru organizarea acestei tabere pentru persoane cu dizabilit<\/em><em>\u0103\u021b<\/em><em>i<\/em><em>\u201d,<\/em> a declarat <strong>Valentina Loredana Dinu<\/strong>, director general adjunct al D.G.A.S.P.C. Giurgiu.<\/p>\n<p>&nbsp;<\/p>\n<p style=\"text-align: center;\"><em><strong>DGASPC Giurgiu<\/strong><\/em><\/p>\n","protected":false},"excerpt":{"rendered":"<p>Zece copii \u0219i<\/p>\n","protected":false},"author":1,"featured_media":0,"comment_status":"open","ping_status":"open","sticky":false,"template":"","format":"standard","meta":{"footnotes":""},"categories":[6],"tags":[],"class_list":["post-99906","post","type-post","status-publish","format-standard","hentry","category-breaking-news"],"_links":{"self":[{"href":"https:\/\/www.giurgiuveanul.ro\/stiri\/wp-json\/wp\/v2\/posts\/99906","targetHints":{"allow":["GET"]}}],"collection":[{"href":"https:\/\/www.giurgiuveanul.ro\/stiri\/wp-json\/wp\/v2\/posts"}],"about":[{"href":"https:\/\/www.giurgiuveanul.ro\/stiri\/wp-json\/wp\/v2\/types\/post"}],"author":[{"embeddable":true,"href":"https:\/\/www.giurgiuveanul.ro\/stiri\/wp-json\/wp\/v2\/users\/1"}],"replies":[{"embeddable":true,"href":"https:\/\/www.giurgiuveanul.ro\/stiri\/wp-json\/wp\/v2\/comments?post=99906"}],"version-history":[{"count":0,"href":"https:\/\/www.giurgiuveanul.ro\/stiri\/wp-json\/wp\/v2\/posts\/99906\/revisions"}],"wp:attachment":[{"href":"https:\/\/www.giurgiuveanul.ro\/stiri\/wp-json\/wp\/v2\/media?parent=99906"}],"wp:term":[{"taxonomy":"category","embeddable":true,"href":"https:\/\/www.giurgiuveanul.ro\/stiri\/wp-json\/wp\/v2\/categories?post=99906"},{"taxonomy":"post_tag","embeddable":true,"href":"https:\/\/www.giurgiuveanul.ro\/stiri\/wp-json\/wp\/v2\/tags?post=99906"}],"curies":[{"name":"wp","href":"https:\/\/api.w.org\/{rel}","templated":true}]}}