{"id":99911,"date":"2023-09-05T09:57:40","date_gmt":"2023-09-05T06:57:40","guid":{"rendered":"https:\/\/www.giurgiuveanul.ro\/stiri\/?p=99911"},"modified":"2023-09-05T10:09:20","modified_gmt":"2023-09-05T07:09:20","slug":"perchezitii-la-sediul-politiei-municipiului-giurgiu","status":"publish","type":"post","link":"https:\/\/www.giurgiuveanul.ro\/stiri\/perchezitii-la-sediul-politiei-municipiului-giurgiu\/","title":{"rendered":"Perchezi\u0163ii la sediul Poli\u0163iei Municipiului Giurgiu"},"content":{"rendered":"<p style=\"text-align: justify;\"><a href=\"https:\/\/www.giurgiuveanul.ro\/stiri\/wp-content\/uploads\/2023\/09\/000-actiune-mascati-giurgiu.jpg\"><img loading=\"lazy\" decoding=\"async\" class=\"aligncenter wp-image-99912\" src=\"https:\/\/www.giurgiuveanul.ro\/stiri\/wp-content\/uploads\/2023\/09\/000-actiune-mascati-giurgiu-560x332.jpg\" alt=\"\" width=\"575\" height=\"341\" srcset=\"https:\/\/www.giurgiuveanul.ro\/stiri\/wp-content\/uploads\/2023\/09\/000-actiune-mascati-giurgiu-560x332.jpg 560w, https:\/\/www.giurgiuveanul.ro\/stiri\/wp-content\/uploads\/2023\/09\/000-actiune-mascati-giurgiu-250x148.jpg 250w, https:\/\/www.giurgiuveanul.ro\/stiri\/wp-content\/uploads\/2023\/09\/000-actiune-mascati-giurgiu-768x455.jpg 768w, https:\/\/www.giurgiuveanul.ro\/stiri\/wp-content\/uploads\/2023\/09\/000-actiune-mascati-giurgiu-400x237.jpg 400w, https:\/\/www.giurgiuveanul.ro\/stiri\/wp-content\/uploads\/2023\/09\/000-actiune-mascati-giurgiu.jpg 1080w\" sizes=\"auto, (max-width: 575px) 100vw, 575px\" \/><\/a>Asear\u0103 au avut loc perchezi\u0163ii la sediul Poli\u0163iei Municipiului Giurgiu, de unde,<!--more--> potrivit unor surse demne de \u00eencredere, oamenii legii au ridicat documente \u015fi ar fi re\u0163inut un ofi\u0163er de poli\u0163ie.<\/p>\n<p style=\"text-align: justify;\"><strong>Vom reveni cu detalii oficiale.<\/strong><\/p>\n","protected":false},"excerpt":{"rendered":"<p>Asear\u0103 au avut loc perchezi\u0163ii la sediul Poli\u0163iei Municipiului Giurgiu, de unde,<\/p>\n","protected":false},"author":1,"featured_media":0,"comment_status":"open","ping_status":"open","sticky":false,"template":"","format":"standard","meta":{"footnotes":""},"categories":[6],"tags":[],"class_list":["post-99911","post","type-post","status-publish","format-standard","hentry","category-breaking-news"],"_links":{"self":[{"href":"https:\/\/www.giurgiuveanul.ro\/stiri\/wp-json\/wp\/v2\/posts\/99911","targetHints":{"allow":["GET"]}}],"collection":[{"href":"https:\/\/www.giurgiuveanul.ro\/stiri\/wp-json\/wp\/v2\/posts"}],"about":[{"href":"https:\/\/www.giurgiuveanul.ro\/stiri\/wp-json\/wp\/v2\/types\/post"}],"author":[{"embeddable":true,"href":"https:\/\/www.giurgiuveanul.ro\/stiri\/wp-json\/wp\/v2\/users\/1"}],"replies":[{"embeddable":true,"href":"https:\/\/www.giurgiuveanul.ro\/stiri\/wp-json\/wp\/v2\/comments?post=99911"}],"version-history":[{"count":0,"href":"https:\/\/www.giurgiuveanul.ro\/stiri\/wp-json\/wp\/v2\/posts\/99911\/revisions"}],"wp:attachment":[{"href":"https:\/\/www.giurgiuveanul.ro\/stiri\/wp-json\/wp\/v2\/media?parent=99911"}],"wp:term":[{"taxonomy":"category","embeddable":true,"href":"https:\/\/www.giurgiuveanul.ro\/stiri\/wp-json\/wp\/v2\/categories?post=99911"},{"taxonomy":"post_tag","embeddable":true,"href":"https:\/\/www.giurgiuveanul.ro\/stiri\/wp-json\/wp\/v2\/tags?post=99911"}],"curies":[{"name":"wp","href":"https:\/\/api.w.org\/{rel}","templated":true}]}}