{"id":99919,"date":"2023-09-05T15:48:40","date_gmt":"2023-09-05T12:48:40","guid":{"rendered":"https:\/\/www.giurgiuveanul.ro\/stiri\/?p=99919"},"modified":"2023-09-05T15:48:56","modified_gmt":"2023-09-05T12:48:56","slug":"judecatoria-giurgiu-comunicat-de-presa","status":"publish","type":"post","link":"https:\/\/www.giurgiuveanul.ro\/stiri\/judecatoria-giurgiu-comunicat-de-presa\/","title":{"rendered":"JUDEC\u0102TORIA GIURGIU, COMUNICAT DE PRES\u0102"},"content":{"rendered":"<p style=\"text-align: justify;\"><a href=\"https:\/\/www.giurgiuveanul.ro\/stiri\/wp-content\/uploads\/2023\/09\/000000000.jpg\"><img loading=\"lazy\" decoding=\"async\" class=\"aligncenter wp-image-99904\" src=\"https:\/\/www.giurgiuveanul.ro\/stiri\/wp-content\/uploads\/2023\/09\/000000000-560x385.jpg\" alt=\"\" width=\"581\" height=\"399\" srcset=\"https:\/\/www.giurgiuveanul.ro\/stiri\/wp-content\/uploads\/2023\/09\/000000000-560x385.jpg 560w, https:\/\/www.giurgiuveanul.ro\/stiri\/wp-content\/uploads\/2023\/09\/000000000-250x172.jpg 250w, https:\/\/www.giurgiuveanul.ro\/stiri\/wp-content\/uploads\/2023\/09\/000000000-768x528.jpg 768w, https:\/\/www.giurgiuveanul.ro\/stiri\/wp-content\/uploads\/2023\/09\/000000000-400x275.jpg 400w, https:\/\/www.giurgiuveanul.ro\/stiri\/wp-content\/uploads\/2023\/09\/000000000.jpg 1000w\" sizes=\"auto, (max-width: 581px) 100vw, 581px\" \/><\/a>Azi,<!--more--> <strong><em>05 septembrie 2023<\/em><\/strong>, a avut loc <strong><em>Adun\u0103rea general\u0103 a judec\u0103torilor de la Judec\u0103toria \u00a0Giurgiu<\/em><\/strong>, av\u00e2nd pe ordinea de zi:<\/p>\n<p style=\"text-align: justify;\"><em>Reanalizarea m\u0103surilor\u00a0 adoptate prin Hot\u0103r\u00e2rea Adun\u0103rii Generale nr. 5 din 20 iunie 2023,<\/em><\/p>\n<p style=\"text-align: justify;\"><em>\u00a0<\/em><\/p>\n<p style=\"text-align: justify;\"><strong>Cu majoritate, s-a hot\u0103r\u00e2t:<\/strong><\/p>\n<p style=\"text-align: justify;\">Suspendarea protestului adoptat de Adunarea General\u0103 a Judec\u0103torilor din cadrul Judec\u0103toriei Giurgiu prin Hot\u0103r\u00e2rea nr.5 din data de 20 iunie 2023 \u015fi reluarea activit\u0103\u0163ii \u00eencep\u00e2nd cu data de 06 septembrie 2023, \u00een func\u0163ie de solu\u0163ia legislativ\u0103 referitoare la pensiile de serviciu \u015fi statutul magistra\u0163ilor ce urmeaz\u0103 a fi adoptat\u0103 urm\u00e2nd a fi convocat\u0103 o nou\u0103 Adunare General\u0103.<\/p>\n<p style=\"text-align: justify;\">\u00censu\u0219irea recomand\u0103rilor cuprinse \u00een Hot\u0103r\u00e2rea nr.2040 din 13 iulie 2023 a\u00a0 Consiliului Superior al Magistraturii \u2013 Sec\u021bia pentru Judec\u0103tori.<\/p>\n<p>&nbsp;<\/p>\n<p style=\"text-align: center;\"><em><strong>BIROUL DE INFORMARE \u0218I RELA\u021aII PUBLICE<\/strong><\/em><\/p>\n","protected":false},"excerpt":{"rendered":"<p>Azi,<\/p>\n","protected":false},"author":1,"featured_media":0,"comment_status":"open","ping_status":"open","sticky":false,"template":"","format":"standard","meta":{"footnotes":""},"categories":[6],"tags":[],"class_list":["post-99919","post","type-post","status-publish","format-standard","hentry","category-breaking-news"],"_links":{"self":[{"href":"https:\/\/www.giurgiuveanul.ro\/stiri\/wp-json\/wp\/v2\/posts\/99919","targetHints":{"allow":["GET"]}}],"collection":[{"href":"https:\/\/www.giurgiuveanul.ro\/stiri\/wp-json\/wp\/v2\/posts"}],"about":[{"href":"https:\/\/www.giurgiuveanul.ro\/stiri\/wp-json\/wp\/v2\/types\/post"}],"author":[{"embeddable":true,"href":"https:\/\/www.giurgiuveanul.ro\/stiri\/wp-json\/wp\/v2\/users\/1"}],"replies":[{"embeddable":true,"href":"https:\/\/www.giurgiuveanul.ro\/stiri\/wp-json\/wp\/v2\/comments?post=99919"}],"version-history":[{"count":0,"href":"https:\/\/www.giurgiuveanul.ro\/stiri\/wp-json\/wp\/v2\/posts\/99919\/revisions"}],"wp:attachment":[{"href":"https:\/\/www.giurgiuveanul.ro\/stiri\/wp-json\/wp\/v2\/media?parent=99919"}],"wp:term":[{"taxonomy":"category","embeddable":true,"href":"https:\/\/www.giurgiuveanul.ro\/stiri\/wp-json\/wp\/v2\/categories?post=99919"},{"taxonomy":"post_tag","embeddable":true,"href":"https:\/\/www.giurgiuveanul.ro\/stiri\/wp-json\/wp\/v2\/tags?post=99919"}],"curies":[{"name":"wp","href":"https:\/\/api.w.org\/{rel}","templated":true}]}}