{"id":99985,"date":"2023-09-07T17:55:01","date_gmt":"2023-09-07T14:55:01","guid":{"rendered":"https:\/\/www.giurgiuveanul.ro\/stiri\/?p=99985"},"modified":"2023-09-07T17:55:31","modified_gmt":"2023-09-07T14:55:31","slug":"la-bizet-vineri-8-septembrie-iar-e-petrecere-urmeaza-inca-o-seara-de-poveste","status":"publish","type":"post","link":"https:\/\/www.giurgiuveanul.ro\/stiri\/la-bizet-vineri-8-septembrie-iar-e-petrecere-urmeaza-inca-o-seara-de-poveste\/","title":{"rendered":"\u201eLa Bizet\u201d, vineri, 8 septembrie, iar e petrecere: urmeaz\u0103 \u00eenc\u0103 o sear\u0103 de poveste!"},"content":{"rendered":"<p style=\"text-align: justify;\"><strong><a href=\"https:\/\/www.giurgiuveanul.ro\/stiri\/wp-content\/uploads\/2023\/09\/000-afis-la-bizet.jpg\"><img loading=\"lazy\" decoding=\"async\" class=\"aligncenter wp-image-99986\" src=\"https:\/\/www.giurgiuveanul.ro\/stiri\/wp-content\/uploads\/2023\/09\/000-afis-la-bizet-260x450.jpg\" alt=\"\" width=\"569\" height=\"985\" srcset=\"https:\/\/www.giurgiuveanul.ro\/stiri\/wp-content\/uploads\/2023\/09\/000-afis-la-bizet-260x450.jpg 260w, https:\/\/www.giurgiuveanul.ro\/stiri\/wp-content\/uploads\/2023\/09\/000-afis-la-bizet-173x300.jpg 173w, https:\/\/www.giurgiuveanul.ro\/stiri\/wp-content\/uploads\/2023\/09\/000-afis-la-bizet-346x600.jpg 346w\" sizes=\"auto, (max-width: 569px) 100vw, 569px\" \/><\/a>Restarurantul \u201eLa Bizet\u201d,<\/strong><!--more--> aflat pe strada Voestalpine, nr. 2, la debarcaderul din zona podului Bizets, v\u0103 invit\u0103 <strong>vineri, 8 septembrie, seara, de la orele 19:00<\/strong>, s\u0103 v\u0103 bucura\u0163i de preparatele sale delicioase, preg\u0103tite chiar sub privirile dumneavoastr\u0103, meniul fiind unul special: <em>coco\u015fei de munte la rotisor!<\/em><\/p>\n<p style=\"text-align: justify;\">Invitatul care va c\u00e2nta (\u015fi \u00eenc\u00e2nta)&#8230; va fi <strong>Dan F\u0103g\u0103ra\u015f<\/strong>.<\/p>\n<p style=\"text-align: justify;\">Rezerv\u0103ri la <strong>telefon 0730.612.692<\/strong>.<\/p>\n","protected":false},"excerpt":{"rendered":"<p>Restarurantul \u201eLa Bizet\u201d,<\/p>\n","protected":false},"author":1,"featured_media":0,"comment_status":"open","ping_status":"open","sticky":false,"template":"","format":"standard","meta":{"footnotes":""},"categories":[6],"tags":[],"class_list":["post-99985","post","type-post","status-publish","format-standard","hentry","category-breaking-news"],"_links":{"self":[{"href":"https:\/\/www.giurgiuveanul.ro\/stiri\/wp-json\/wp\/v2\/posts\/99985","targetHints":{"allow":["GET"]}}],"collection":[{"href":"https:\/\/www.giurgiuveanul.ro\/stiri\/wp-json\/wp\/v2\/posts"}],"about":[{"href":"https:\/\/www.giurgiuveanul.ro\/stiri\/wp-json\/wp\/v2\/types\/post"}],"author":[{"embeddable":true,"href":"https:\/\/www.giurgiuveanul.ro\/stiri\/wp-json\/wp\/v2\/users\/1"}],"replies":[{"embeddable":true,"href":"https:\/\/www.giurgiuveanul.ro\/stiri\/wp-json\/wp\/v2\/comments?post=99985"}],"version-history":[{"count":0,"href":"https:\/\/www.giurgiuveanul.ro\/stiri\/wp-json\/wp\/v2\/posts\/99985\/revisions"}],"wp:attachment":[{"href":"https:\/\/www.giurgiuveanul.ro\/stiri\/wp-json\/wp\/v2\/media?parent=99985"}],"wp:term":[{"taxonomy":"category","embeddable":true,"href":"https:\/\/www.giurgiuveanul.ro\/stiri\/wp-json\/wp\/v2\/categories?post=99985"},{"taxonomy":"post_tag","embeddable":true,"href":"https:\/\/www.giurgiuveanul.ro\/stiri\/wp-json\/wp\/v2\/tags?post=99985"}],"curies":[{"name":"wp","href":"https:\/\/api.w.org\/{rel}","templated":true}]}}