{"id":99992,"date":"2023-09-08T15:50:23","date_gmt":"2023-09-08T12:50:23","guid":{"rendered":"https:\/\/www.giurgiuveanul.ro\/stiri\/?p=99992"},"modified":"2023-09-08T15:50:40","modified_gmt":"2023-09-08T12:50:40","slug":"isu-giurgiu-pericolul-scurtcircuitului-incendiu-intr-o-gospodarie-din-cosoba","status":"publish","type":"post","link":"https:\/\/www.giurgiuveanul.ro\/stiri\/isu-giurgiu-pericolul-scurtcircuitului-incendiu-intr-o-gospodarie-din-cosoba\/","title":{"rendered":"ISU Giurgiu. Pericolul scurtcircuitului: incendiu \u00eentr-o gospod\u0103rie din Cosoba"},"content":{"rendered":"<p style=\"text-align: justify;\"><strong><a href=\"https:\/\/www.giurgiuveanul.ro\/stiri\/wp-content\/uploads\/2023\/09\/thumbnail-3.jpeg\"><img loading=\"lazy\" decoding=\"async\" class=\"aligncenter wp-image-99993\" src=\"https:\/\/www.giurgiuveanul.ro\/stiri\/wp-content\/uploads\/2023\/09\/thumbnail-3-481x450.jpeg\" alt=\"\" width=\"565\" height=\"528\" srcset=\"https:\/\/www.giurgiuveanul.ro\/stiri\/wp-content\/uploads\/2023\/09\/thumbnail-3-481x450.jpeg 481w, https:\/\/www.giurgiuveanul.ro\/stiri\/wp-content\/uploads\/2023\/09\/thumbnail-3-250x234.jpeg 250w, https:\/\/www.giurgiuveanul.ro\/stiri\/wp-content\/uploads\/2023\/09\/thumbnail-3-768x718.jpeg 768w, https:\/\/www.giurgiuveanul.ro\/stiri\/wp-content\/uploads\/2023\/09\/thumbnail-3-400x374.jpeg 400w, https:\/\/www.giurgiuveanul.ro\/stiri\/wp-content\/uploads\/2023\/09\/thumbnail-3.jpeg 1080w\" sizes=\"auto, (max-width: 565px) 100vw, 565px\" \/><\/a>Un incendiu violent a izbucnit, \u00een aceast\u0103 dup\u0103-amiaz\u0103,<!--more--> \u00eentr-o cas\u0103 din localitatea Cosoba. C\u00e2nd au ajuns pompierii, acesta se manifesta \u00een dou\u0103 dintre camere, buc\u0103t\u0103rie, baie, dar \u0219i la acoperi\u0219, potrivit ISU Giurgiu.<\/strong><\/p>\n<p style=\"text-align: justify;\">Echipajele au ac\u021bionat astfel \u00eenc\u00e2t s\u0103 protejeze restul casei. Au fost afectate trei dintre \u00eenc\u0103peri \u0219i acoperi\u0219ul, pe o suprafa\u021b\u0103 de aproximativ 40 mp \u0219i au fost distruse electronice \u0219i electrocasnice.<\/p>\n<p style=\"text-align: justify;\">La fa\u021ba locului s-au deplasat pompierii din cadrul Deta\u0219amentului Bolintin Deal, cu o autospecial\u0103 de stingere \u0219i o cistern\u0103.<\/p>\n<p style=\"text-align: justify;\">Cel mai probabil, incendiul s-a produs din cauza unui scurtcircuit.<\/p>\n<p style=\"text-align: justify;\"><strong><em>Informare preventiv\u0103 <\/em><\/strong><\/p>\n<p style=\"text-align: justify;\">Pentru \u00eenl\u0103turarea pericolului de incendiu ce poate ap\u0103rea pe timpul exploat\u0103rii instala\u021biei electrice, trebuie adoptate urm\u0103toarele m\u0103suri:<\/p>\n<ul>\n<li style=\"text-align: justify;\">verifica\u021bi periodic instala\u0163ia electric\u0103, cu ajutorul personalului autorizat;<\/li>\n<li style=\"text-align: justify;\">nu folosi\u0163i prize sau \u00eentrerup\u0103toare sl\u0103bite. \u00cen cazul \u00een care observa\u0163i c\u0103 priza se mi\u015fc\u0103 sau c\u0103 \u00een jurul \u00eentrerup\u0103torului exist\u0103 orificii libere, cere\u0163i ajutorul unui specialist pentru schimbarea prizei\/\u00eentrerup\u0103torului \u015fi pentru izolarea zonei respective;<\/li>\n<li style=\"text-align: justify;\">nu utiliza\u0163i aparate electrice care au conductorii de alimentare uza\u0163i, deteriora\u0163i sau care nu mai au \u015ftecher;<\/li>\n<li style=\"text-align: justify;\">nu alimenta\u0163i mai mul\u0163i consumatori electrici din acela\u015fi prelungitor, concomitent;<\/li>\n<li style=\"text-align: justify;\">nu l\u0103sa\u0163i aparatele electrice sub tensiune c\u00e2nd nu le folosi\u0163i deoarece acestea pot fi oric\u00e2nd surse generatoare de incendiu.<\/li>\n<\/ul>\n<p>&nbsp;<\/p>\n<p style=\"text-align: center;\"><em>Compartimentul Informare \u0219i Rela\u021bii Publice<\/em><\/p>\n","protected":false},"excerpt":{"rendered":"<p>Un incendiu violent a izbucnit, \u00een aceast\u0103 dup\u0103-amiaz\u0103,<\/p>\n","protected":false},"author":1,"featured_media":0,"comment_status":"open","ping_status":"open","sticky":false,"template":"","format":"standard","meta":{"footnotes":""},"categories":[6],"tags":[],"class_list":["post-99992","post","type-post","status-publish","format-standard","hentry","category-breaking-news"],"_links":{"self":[{"href":"https:\/\/www.giurgiuveanul.ro\/stiri\/wp-json\/wp\/v2\/posts\/99992","targetHints":{"allow":["GET"]}}],"collection":[{"href":"https:\/\/www.giurgiuveanul.ro\/stiri\/wp-json\/wp\/v2\/posts"}],"about":[{"href":"https:\/\/www.giurgiuveanul.ro\/stiri\/wp-json\/wp\/v2\/types\/post"}],"author":[{"embeddable":true,"href":"https:\/\/www.giurgiuveanul.ro\/stiri\/wp-json\/wp\/v2\/users\/1"}],"replies":[{"embeddable":true,"href":"https:\/\/www.giurgiuveanul.ro\/stiri\/wp-json\/wp\/v2\/comments?post=99992"}],"version-history":[{"count":0,"href":"https:\/\/www.giurgiuveanul.ro\/stiri\/wp-json\/wp\/v2\/posts\/99992\/revisions"}],"wp:attachment":[{"href":"https:\/\/www.giurgiuveanul.ro\/stiri\/wp-json\/wp\/v2\/media?parent=99992"}],"wp:term":[{"taxonomy":"category","embeddable":true,"href":"https:\/\/www.giurgiuveanul.ro\/stiri\/wp-json\/wp\/v2\/categories?post=99992"},{"taxonomy":"post_tag","embeddable":true,"href":"https:\/\/www.giurgiuveanul.ro\/stiri\/wp-json\/wp\/v2\/tags?post=99992"}],"curies":[{"name":"wp","href":"https:\/\/api.w.org\/{rel}","templated":true}]}}