{"id":99996,"date":"2023-09-08T16:27:26","date_gmt":"2023-09-08T13:27:26","guid":{"rendered":"https:\/\/www.giurgiuveanul.ro\/stiri\/?p=99996"},"modified":"2023-09-08T17:01:48","modified_gmt":"2023-09-08T14:01:48","slug":"acum-accident-rutier-in-zona-barajului-de-la-mihailesti-foto","status":"publish","type":"post","link":"https:\/\/www.giurgiuveanul.ro\/stiri\/acum-accident-rutier-in-zona-barajului-de-la-mihailesti-foto\/","title":{"rendered":"ACUM. ACCIDENT RUTIER \u00een zona barajului de la Mih\u0103ile\u015fti (FOTO)"},"content":{"rendered":"<p><a href=\"https:\/\/www.giurgiuveanul.ro\/stiri\/wp-content\/uploads\/2023\/09\/375198457_965088474599000_1626158008463639680_n.jpg\"><img loading=\"lazy\" decoding=\"async\" class=\"aligncenter wp-image-99997\" src=\"https:\/\/www.giurgiuveanul.ro\/stiri\/wp-content\/uploads\/2023\/09\/375198457_965088474599000_1626158008463639680_n-500x450.jpg\" alt=\"\" width=\"568\" height=\"511\" srcset=\"https:\/\/www.giurgiuveanul.ro\/stiri\/wp-content\/uploads\/2023\/09\/375198457_965088474599000_1626158008463639680_n-500x450.jpg 500w, https:\/\/www.giurgiuveanul.ro\/stiri\/wp-content\/uploads\/2023\/09\/375198457_965088474599000_1626158008463639680_n-250x225.jpg 250w, https:\/\/www.giurgiuveanul.ro\/stiri\/wp-content\/uploads\/2023\/09\/375198457_965088474599000_1626158008463639680_n-768x691.jpg 768w, https:\/\/www.giurgiuveanul.ro\/stiri\/wp-content\/uploads\/2023\/09\/375198457_965088474599000_1626158008463639680_n-400x360.jpg 400w, https:\/\/www.giurgiuveanul.ro\/stiri\/wp-content\/uploads\/2023\/09\/375198457_965088474599000_1626158008463639680_n.jpg 900w\" sizes=\"auto, (max-width: 568px) 100vw, 568px\" \/><\/a>\u00cen urm\u0103 cu pu\u0163in timp<!--more--> s-a produs un accident rutier \u00een zona barajului de la Mih\u0103ile\u015fti.<\/p>\n<p>Este vorba despre un TIR r\u0103sturnat.<\/p>\n<p>Potrivit martorilor, \u015foferul a fost transportat la Spitalul Jude\u0163ean de Urgen\u0163\u0103 Giurgiu.<\/p>\n<p>Intervin echipajele ISU Giurgiu.<\/p>\n<p><strong>N.R. Mul\u0163umim citittorilor no\u015ftri pentru fotografiile transmise pe whatsapp.<\/strong><\/p>\n<p><strong>UPDATE<\/strong><\/p>\n<p><span style=\"color: #ff0000;\"><strong>Ce spune ISU Giurgiu<\/strong><\/span><\/p>\n<p style=\"text-align: justify;\">Un autotren, \u00eenc\u0103rcat cu cereale, s-a r\u0103sturnat \u00een aceast\u0103 dup\u0103-amiaz\u0103 pe DN6. Evenimentul s-a produs pe podul de pe barajul Mih\u0103ile\u0219ti, circula\u021bia c\u0103tre capital\u0103 fiind \u00eengreunat\u0103.<\/p>\n<p style=\"text-align: justify;\">Conduc\u0103torul auto, un b\u0103rbat \u00een v\u00e2rst\u0103 de 35 de ani, con\u0219tient \u0219i cooperant, a avut nevoie de \u00eengrijiri medicale. Acesta a fost preluat de echipajul SMURD \u0219i transportat la un spital din capital\u0103.<\/p>\n<p style=\"text-align: justify;\">\u00cen urma evenimentului, gr\u00e2ul din remorc\u0103 a c\u0103zut pe partea carosabil\u0103.<\/p>\n<p><a href=\"https:\/\/www.giurgiuveanul.ro\/stiri\/wp-content\/uploads\/2023\/09\/WhatsApp-Image-2023-09-08-at-16.33.18.jpg\"><img loading=\"lazy\" decoding=\"async\" class=\"aligncenter  wp-image-100003\" src=\"https:\/\/www.giurgiuveanul.ro\/stiri\/wp-content\/uploads\/2023\/09\/WhatsApp-Image-2023-09-08-at-16.33.18-560x436.jpg\" alt=\"\" width=\"569\" height=\"443\" srcset=\"https:\/\/www.giurgiuveanul.ro\/stiri\/wp-content\/uploads\/2023\/09\/WhatsApp-Image-2023-09-08-at-16.33.18-560x436.jpg 560w, https:\/\/www.giurgiuveanul.ro\/stiri\/wp-content\/uploads\/2023\/09\/WhatsApp-Image-2023-09-08-at-16.33.18-250x195.jpg 250w, https:\/\/www.giurgiuveanul.ro\/stiri\/wp-content\/uploads\/2023\/09\/WhatsApp-Image-2023-09-08-at-16.33.18-768x598.jpg 768w, https:\/\/www.giurgiuveanul.ro\/stiri\/wp-content\/uploads\/2023\/09\/WhatsApp-Image-2023-09-08-at-16.33.18-400x312.jpg 400w, https:\/\/www.giurgiuveanul.ro\/stiri\/wp-content\/uploads\/2023\/09\/WhatsApp-Image-2023-09-08-at-16.33.18.jpg 897w\" sizes=\"auto, (max-width: 569px) 100vw, 569px\" \/><\/a><\/p>\n<p style=\"text-align: justify;\">La fa\u021ba locului s-au deplasat pompierii din cadrul Sta\u021biei Mih\u0103ile\u0219ti, cu o autospecial\u0103 de stingere, o descarcerare, o ambulan\u021b\u0103 SMURD \u0219i echipaje\u00a0de\u00a0Poli\u021bie.<\/p>\n<p>&nbsp;<\/p>\n","protected":false},"excerpt":{"rendered":"<p>\u00cen urm\u0103 cu pu\u0163in timp<\/p>\n","protected":false},"author":1,"featured_media":0,"comment_status":"open","ping_status":"open","sticky":false,"template":"","format":"standard","meta":{"footnotes":""},"categories":[6],"tags":[],"class_list":["post-99996","post","type-post","status-publish","format-standard","hentry","category-breaking-news"],"_links":{"self":[{"href":"https:\/\/www.giurgiuveanul.ro\/stiri\/wp-json\/wp\/v2\/posts\/99996","targetHints":{"allow":["GET"]}}],"collection":[{"href":"https:\/\/www.giurgiuveanul.ro\/stiri\/wp-json\/wp\/v2\/posts"}],"about":[{"href":"https:\/\/www.giurgiuveanul.ro\/stiri\/wp-json\/wp\/v2\/types\/post"}],"author":[{"embeddable":true,"href":"https:\/\/www.giurgiuveanul.ro\/stiri\/wp-json\/wp\/v2\/users\/1"}],"replies":[{"embeddable":true,"href":"https:\/\/www.giurgiuveanul.ro\/stiri\/wp-json\/wp\/v2\/comments?post=99996"}],"version-history":[{"count":0,"href":"https:\/\/www.giurgiuveanul.ro\/stiri\/wp-json\/wp\/v2\/posts\/99996\/revisions"}],"wp:attachment":[{"href":"https:\/\/www.giurgiuveanul.ro\/stiri\/wp-json\/wp\/v2\/media?parent=99996"}],"wp:term":[{"taxonomy":"category","embeddable":true,"href":"https:\/\/www.giurgiuveanul.ro\/stiri\/wp-json\/wp\/v2\/categories?post=99996"},{"taxonomy":"post_tag","embeddable":true,"href":"https:\/\/www.giurgiuveanul.ro\/stiri\/wp-json\/wp\/v2\/tags?post=99996"}],"curies":[{"name":"wp","href":"https:\/\/api.w.org\/{rel}","templated":true}]}}